{"id":45370,"date":"2025-06-16T21:23:18","date_gmt":"2025-06-16T19:23:18","guid":{"rendered":"https:\/\/www.frieslandhollandtravel.nl\/?p=45370"},"modified":"2025-06-16T21:37:34","modified_gmt":"2025-06-16T19:37:34","slug":"37-flamen-radeln-die-elfstedenroute-und-besuchen-das-denkmal","status":"publish","type":"post","link":"https:\/\/www.frieslandhollandtravel.nl\/de\/nachrichten\/37-flamen-radeln-die-elfstedenroute-und-besuchen-das-denkmal\/","title":{"rendered":"Organisierte Gruppenreise besucht das Elfstedenmonument"},"content":{"rendered":"<p data-start=\"48\" data-end=\"479\">W\u00e4hrend der organisierten Fahrradgruppenreise vom 12. bis 18. Mai stand auch ein Besuch des beeindruckenden Elfstedenmonuments <em data-start=\"177\" data-end=\"190\">It Sil Heve<\/em> auf dem Programm.<br data-start=\"210\" data-end=\"213\" \/>Obwohl die offizielle Elfstedenroute f\u00fcr Radfahrer normalerweise nicht an dieser Br\u00fccke vorbeif\u00fchrt, kam die Gruppe auf der Etappe von Dokkum nach Leeuwarden dennoch daran vorbei \u2013 eine besondere \u00dcberraschung auf dem Streckenabschnitt zwischen Knotenpunkt 28 und 47.<\/p>\n<div class=\"wp-block-image\"><img loading=\"lazy\" decoding=\"async\" class=\"wpa-warning wpa-image-missing-alt alignnone size-medium wp-image-45347\" src=\"https:\/\/www.frieslandhollandtravel.nl\/wp-content\/uploads\/2025\/06\/IMG_6991-225x300.jpg\" alt=\"\" width=\"225\" height=\"300\" data-warning=\"Missing alt text\" srcset=\"https:\/\/www.frieslandhollandtravel.nl\/wp-content\/uploads\/2025\/06\/IMG_6991-225x300.jpg 225w, https:\/\/www.frieslandhollandtravel.nl\/wp-content\/uploads\/2025\/06\/IMG_6991-450x600.jpg 450w, https:\/\/www.frieslandhollandtravel.nl\/wp-content\/uploads\/2025\/06\/IMG_6991.jpg 480w\" sizes=\"auto, (max-width: 225px) 100vw, 225px\" \/><\/div>\n<p data-start=\"481\" data-end=\"900\"><strong data-start=\"481\" data-end=\"515\">Ein Denkmal voller Geschichten<\/strong><br data-start=\"515\" data-end=\"518\" \/>Das Monument, entworfen von den K\u00fcnstlern Maree Blok und Bas Lugthart, befindet sich auf der Kanterlandsebrug \u2013 der letzten Br\u00fccke, unter der die Eisl\u00e4ufer w\u00e4hrend der Elfstedentocht hindurchfahren, bevor sie das Ziel in Leeuwarden erreichen. Der Name <em data-start=\"770\" data-end=\"783\">It Sil Heve<\/em> bezieht sich auf die legend\u00e4ren Worte, mit denen 1985 \u2013 nach 22 Jahren \u2013 eine neue Elfstedentocht angek\u00fcndigt wurde.<\/p>\n<p data-start=\"902\" data-end=\"1323\">Die Br\u00fccke ist vollst\u00e4ndig mit Tausenden handgefertigter Kacheln bedeckt. Jede Kachel zeigt in blauer Glasur das Portr\u00e4t eines Eisl\u00e4ufers, der die Tour erfolgreich beendet hat. Seit der ersten Tour im Jahr 1909 wurden sechzehn Ausgaben gefahren, bei denen Tausende Teilnehmer die Ziellinie erreichten. Ihre Gesichter \u2013 jung und alt, bekannt und unbekannt \u2013 lassen die reiche Geschichte der Elfstedentocht lebendig werden.<\/p>\n<p data-start=\"1325\" data-end=\"1648\">Aus der N\u00e4he erkennt man die einzelnen Portr\u00e4ts. Aus der Ferne verschmelzen sie zu einem Bild auf der Br\u00fcckenseite: eine Schlittschuhkolonne \u2013 ein symbolisches Abbild von Zusammenhalt, Durchhalteverm\u00f6gen und Gemeinschaft. So wird die Br\u00fccke zu einem visuellen Ehrenbogen f\u00fcr alle, die die \u201eTour der Touren\u201c vollendet haben.<\/p>\n<p data-start=\"1650\" data-end=\"2021\"><strong data-start=\"1650\" data-end=\"1676\">Ein lebendiges Denkmal<\/strong><br data-start=\"1676\" data-end=\"1679\" \/>Seit der Enth\u00fcllung im Jahr 2001 sind bereits \u00fcber 7.000 Eisl\u00e4ufer auf der Br\u00fccke verewigt. Das Monument hat sich zu einem beliebten Ausflugsziel f\u00fcr Besucher aus dem In- und Ausland entwickelt \u2013 darunter auch K\u00f6nig Willem-Alexander und K\u00f6nigin M\u00e1xima. Nach der n\u00e4chsten Elfstedentocht wird die S\u00fcdseite der Br\u00fccke mit neuen Portr\u00e4ts erg\u00e4nzt.<\/p>\n<div class=\"wp-block-image\"><img loading=\"lazy\" decoding=\"async\" class=\"wpa-warning wpa-image-missing-alt alignnone size-medium wp-image-45344\" src=\"https:\/\/www.frieslandhollandtravel.nl\/wp-content\/uploads\/2025\/06\/King-Willem-Alexander-visit-Elfstedenmonument-4-1-300x200.jpg\" alt=\"\" width=\"300\" height=\"200\" data-warning=\"Missing alt text\" srcset=\"https:\/\/www.frieslandhollandtravel.nl\/wp-content\/uploads\/2025\/06\/King-Willem-Alexander-visit-Elfstedenmonument-4-1-300x200.jpg 300w, https:\/\/www.frieslandhollandtravel.nl\/wp-content\/uploads\/2025\/06\/King-Willem-Alexander-visit-Elfstedenmonument-4-1-768x512.jpg 768w, https:\/\/www.frieslandhollandtravel.nl\/wp-content\/uploads\/2025\/06\/King-Willem-Alexander-visit-Elfstedenmonument-4-1-450x300.jpg 450w, https:\/\/www.frieslandhollandtravel.nl\/wp-content\/uploads\/2025\/06\/King-Willem-Alexander-visit-Elfstedenmonument-4-1-600x400.jpg 600w, https:\/\/www.frieslandhollandtravel.nl\/wp-content\/uploads\/2025\/06\/King-Willem-Alexander-visit-Elfstedenmonument-4-1.jpg 1000w\" sizes=\"auto, (max-width: 300px) 100vw, 300px\" \/><\/div>\n<p data-start=\"2023\" data-end=\"2101\"><em>K\u00f6nig Willem-Alexander und K\u00f6nigin M\u00e1xima zu Besuch beim Elfstedenmonument<\/em><\/p>\n<p data-start=\"2103\" data-end=\"2343\"><strong data-start=\"2103\" data-end=\"2150\">Auch Lust auf eine Radtour durch Friesland?<\/strong><br data-start=\"2150\" data-end=\"2153\" \/>Diese Reise ist Teil der komplett organisierten Radtouren von <strong data-start=\"2215\" data-end=\"2243\">Friesland Holland Travel<\/strong>, dem Spezialisten f\u00fcr Elfstedentouren per Fahrrad. Neugierig geworden oder selbst eine Tour planen?<\/p>\n<p data-start=\"2345\" data-end=\"2454\">\ud83c\udf10 <a class=\"\" href=\"http:\/\/www.frieslandhollandtravel.nl\" target=\"_new\" rel=\"noopener\" data-start=\"2348\" data-end=\"2417\">www.frieslandhollandtravel.nl<\/a><br data-start=\"2417\" data-end=\"2420\" \/>\u2709\ufe0f <a class=\"cursor-pointer\" rel=\"noopener\" data-start=\"2423\" data-end=\"2454\">info@frieslandhollandtravel.com<\/a><\/p>\n<p data-start=\"2456\" data-end=\"2512\">F\u00fcr aktuelle Nachrichten aus Friesland: <strong data-start=\"2496\" data-end=\"2512\">Fries Nieuws<\/strong><\/p>\n","protected":false},"excerpt":{"rendered":"<p>W\u00e4hrend der organisierten Fahrradgruppenreise vom 12. bis 18. Mai stand auch ein Besuch des beeindruckenden Elfstedenmonuments It Sil Heve auf dem Programm.Obwohl die offizielle Elfstedenroute f\u00fcr Radfahrer normalerweise nicht an dieser Br\u00fccke vorbeif\u00fchrt, kam die Gruppe auf der Etappe von Dokkum nach Leeuwarden dennoch daran vorbei \u2013 eine besondere \u00dcberraschung auf dem Streckenabschnitt zwischen Knotenpunkt&hellip; <a class=\"continue\" href=\"https:\/\/www.frieslandhollandtravel.nl\/de\/nachrichten\/37-flamen-radeln-die-elfstedenroute-und-besuchen-das-denkmal\/\">Lees meer<span> Organisierte Gruppenreise besucht das Elfstedenmonument<\/span><\/a><\/p>\n","protected":false},"author":3,"featured_media":45365,"comment_status":"closed","ping_status":"closed","sticky":false,"template":"","format":"standard","meta":{"_acf_changed":false,"wds_primary_category":0,"footnotes":""},"categories":[174],"tags":[],"class_list":["post-45370","post","type-post","status-publish","format-standard","has-post-thumbnail","hentry","category-nachrichten"],"acf":[],"_links":{"self":[{"href":"https:\/\/www.frieslandhollandtravel.nl\/de\/wp-json\/wp\/v2\/posts\/45370","targetHints":{"allow":["GET"]}}],"collection":[{"href":"https:\/\/www.frieslandhollandtravel.nl\/de\/wp-json\/wp\/v2\/posts"}],"about":[{"href":"https:\/\/www.frieslandhollandtravel.nl\/de\/wp-json\/wp\/v2\/types\/post"}],"author":[{"embeddable":true,"href":"https:\/\/www.frieslandhollandtravel.nl\/de\/wp-json\/wp\/v2\/users\/3"}],"replies":[{"embeddable":true,"href":"https:\/\/www.frieslandhollandtravel.nl\/de\/wp-json\/wp\/v2\/comments?post=45370"}],"version-history":[{"count":0,"href":"https:\/\/www.frieslandhollandtravel.nl\/de\/wp-json\/wp\/v2\/posts\/45370\/revisions"}],"wp:featuredmedia":[{"embeddable":true,"href":"https:\/\/www.frieslandhollandtravel.nl\/de\/wp-json\/wp\/v2\/media\/45365"}],"wp:attachment":[{"href":"https:\/\/www.frieslandhollandtravel.nl\/de\/wp-json\/wp\/v2\/media?parent=45370"}],"wp:term":[{"taxonomy":"category","embeddable":true,"href":"https:\/\/www.frieslandhollandtravel.nl\/de\/wp-json\/wp\/v2\/categories?post=45370"},{"taxonomy":"post_tag","embeddable":true,"href":"https:\/\/www.frieslandhollandtravel.nl\/de\/wp-json\/wp\/v2\/tags?post=45370"}],"curies":[{"name":"wp","href":"https:\/\/api.w.org\/{rel}","templated":true}]}}