{"id":45402,"date":"2025-06-19T20:58:33","date_gmt":"2025-06-19T18:58:33","guid":{"rendered":"https:\/\/www.frieslandhollandtravel.nl\/?p=45402"},"modified":"2025-06-19T21:02:00","modified_gmt":"2025-06-19T19:02:00","slug":"familie-aus-nordamerika-radelt-die-elf-staedte-tour-mit-friesland-holland-travel","status":"publish","type":"post","link":"https:\/\/www.frieslandhollandtravel.nl\/de\/nachrichten\/familie-aus-nordamerika-radelt-die-elf-staedte-tour-mit-friesland-holland-travel\/","title":{"rendered":"Familie aus Nordamerika radelt die Elf-St\u00e4dte-Tour mit Friesland Holland Travel"},"content":{"rendered":"<p data-start=\"204\" data-end=\"623\">Eine Gruppe von 28 Familienmitgliedern aus den Vereinigten Staaten und Kanada unternimmt in dieser Woche eine ganz besondere Radtour durch Friesland: eine eigene Elf-St\u00e4dte-Tour (Elfstedentocht), die nicht nur dem Kennenlernen der ber\u00fchmten friesischen St\u00e4dte dient, sondern auch den Wurzeln der Familie gewidmet ist. In sieben Tagen besuchen sie neben den elf St\u00e4dten auch D\u00f6rfer, in denen ihre Vorfahren einst lebten.<\/p>\n<p data-start=\"625\" data-end=\"1036\">Die Idee f\u00fcr diese Reise stammt von Folkert Miedema, der gemeinsam mit einer seiner T\u00f6chter das Projekt plante. \u201eIch bin vor etwa f\u00fcnfzig Jahren nach Kanada ausgewandert\u201c, erz\u00e4hlt er mit einem L\u00e4cheln und h\u00f6rbarem nordamerikanischem Akzent. \u201eDort habe ich eine Amerikanerin geheiratet, deren beide Elternteile friesischer Herkunft sind. Ihr Vater wuchs auf einem Bauernhof in Gytsjerk auf, ihre Mutter in Tzum.\u201c<\/p>\n<p data-start=\"1038\" data-end=\"1211\">Diese Familiengeschichte inspirierte sie dazu, eine Reise f\u00fcr die ganze Familie zu organisieren, bei der Radfahren und pers\u00f6nliche Erinnerungen miteinander verbunden werden.<\/p>\n<h3 data-start=\"1213\" data-end=\"1256\">Besuch bei Verwandten auf dem Bauernhof<\/h3>\n<p data-start=\"1258\" data-end=\"1739\">Eine der besonderen Stationen der Reise ist ein Bauernhof in Eesterga, der noch immer von einem Cousin der Familie bewohnt wird. F\u00fcr Frances Miedema-Hofstee, die Ehefrau von Folkert, ist dieser Ort besonders bedeutsam \u2013 sie und ihre Schwestern sind dort aufgewachsen. \u201eIch war schon \u00f6fter hier\u201c, sagt Frances ger\u00fchrt. \u201eAber nun mit unseren Kindern hier zu sein, ist etwas ganz Besonderes. Dass hier noch Familie lebt und wir das gemeinsam erleben k\u00f6nnen, ist unglaublich wertvoll.\u201c<\/p>\n<h3 data-start=\"1741\" data-end=\"1775\">Herzlicher Empfang in Gytsjerk<\/h3>\n<p data-start=\"1777\" data-end=\"2082\">In Gytsjerk werden die Radfahrer mit Kaffee und Mittagessen von Hinkie Bangma empfangen, die sie mit offenen Armen begr\u00fc\u00dft. \u201eEs ist kein offizielles Familientreffen, aber dass sie extra mit dem Fahrrad zur alten Farm ihres Gro\u00dfvaters kommen, ber\u00fchrt mich sehr\u201c, erz\u00e4hlt sie, w\u00e4hrend sie Kaffee einschenkt.<\/p>\n<p data-start=\"2084\" data-end=\"2389\">F\u00fcr viele Familienmitglieder ist diese Reise die erste Begegnung mit Friesland \u2013 und f\u00fcr manche sogar die erste Radtour ihres Lebens. \u201eIn Kanada und den USA ist das Radfahren nicht so verbreitet wie hier. Die schmalen Wege und die ruhige Landschaft sind f\u00fcr sie eine ganz neue Erfahrung\u201c, erkl\u00e4rt Folkert.<\/p>\n<h3 data-start=\"2391\" data-end=\"2431\">Muskelkater und Stolz auf dem Sattel<\/h3>\n<p data-start=\"2433\" data-end=\"2737\">Zum Gl\u00fcck sind die Fahrr\u00e4der elektrisch, was die Tour f\u00fcr die unerfahreneren Radfahrer etwas erleichtert. Trotzdem ist es anstrengend. \u201eAm Abend sind alle ersch\u00f6pft, aber zufrieden, wenn wir wieder im Hotel ankommen\u201c, lacht Folkert. Ein Familienmitglied scherzt: \u201eEs ist toll, aber mein Hintern tut weh!\u201c<\/p>\n<p data-start=\"2739\" data-end=\"3088\">Trotz der k\u00f6rperlichen Anstrengung \u00fcberwiegen Freude und Verbundenheit. Anna, die Tochter von Folkert und Frances, ist bereits zum dritten Mal in Friesland \u2013 doch diese Reise ist f\u00fcr sie besonders. \u201eJetzt, wo ich \u00e4lter bin, sch\u00e4tze ich die Geschichte unserer Familie viel mehr. Es ist etwas ganz Besonderes, so mit meinen Wurzeln verbunden zu sein.\u201c<\/p>\n<p data-start=\"3090\" data-end=\"3325\">Sie genie\u00dft die friesische Landschaft in vollen Z\u00fcgen. \u201eDie Ruhe, die Windm\u00fchlen und das Radfahren \u2013 ich liebe es. Man erlebt das Land viel intensiver auf dem Fahrrad. Auch wenn ich heute ordentlich Muskelkater habe\u201c, sagt sie lachend.<\/p>\n<h3 data-start=\"3327\" data-end=\"3350\">Auf nach Leeuwarden<\/h3>\n<p data-start=\"3352\" data-end=\"3594\">Nach einer Reihe von Familienfotos und einem Rundgang \u00fcber das Hofgel\u00e4nde steigen alle wieder aufs Rad. Sp\u00e4ter in der Woche steht noch ein Besuch bei Verwandten in Tzum an. Am Samstag hoffen sie, ihre Reise feierlich in Leeuwarden zu beenden.<\/p>\n<p data-start=\"3601\" data-end=\"3665\"><strong data-start=\"3601\" data-end=\"3612\">Quelle:<\/strong> Omrop Frysl\u00e2n, 19. Juni 2025<br data-start=\"3641\" data-end=\"3644\" \/><a class=\"cursor-pointer\" href=\"https:\/\/www.omropfryslan.nl\/fy\" target=\"_new\" rel=\"noopener\" data-start=\"3644\" data-end=\"3663\">www.omropfryslan.nl<\/a><\/p>\n<p data-start=\"3672\" data-end=\"3700\"><strong data-start=\"3672\" data-end=\"3700\">Friesland Holland Travel<\/strong><\/p>\n<p data-start=\"3702\" data-end=\"3908\">Diese Reise ist Teil des Komplett-Radurlaubsangebots von <em data-start=\"3759\" data-end=\"3785\">Friesland Holland Travel<\/em>, dem Spezialisten f\u00fcr Fahrradurlaube entlang der Elfstedentocht.<br data-start=\"3850\" data-end=\"3853\" \/>M\u00f6chten Sie mehr erfahren oder selbst eine Tour planen?<\/p>\n<p data-start=\"3910\" data-end=\"4022\">\ud83c\udf10\u00a0<a class=\"\" href=\"https:\/\/www.frieslandhollandtravel.nl\" target=\"_new\" rel=\"noopener\" data-start=\"3913\" data-end=\"3983\">www.frieslandhollandtravel.nl<\/a><br data-start=\"3983\" data-end=\"3986\" \/>\u2709\ufe0f\u00a0<a class=\"cursor-pointer\" rel=\"noopener\" data-start=\"3989\" data-end=\"4020\">info@frieslandhollandtravel.com<\/a><\/p>\n<p data-start=\"4024\" data-end=\"4091\">Aktuelle Nachrichten aus Friesland finden Sie auf: <a href=\"https:\/\/www.friesnieuws.nl\/\"><strong data-start=\"4075\" data-end=\"4091\">Fries Nieuws<\/strong><\/a><\/p>\n","protected":false},"excerpt":{"rendered":"<p>Eine Gruppe von 28 Familienmitgliedern aus den Vereinigten Staaten und Kanada unternimmt in dieser Woche eine ganz besondere Radtour durch Friesland: eine eigene Elf-St\u00e4dte-Tour (Elfstedentocht), die nicht nur dem Kennenlernen der ber\u00fchmten friesischen St\u00e4dte dient, sondern auch den Wurzeln der Familie gewidmet ist. In sieben Tagen besuchen sie neben den elf St\u00e4dten auch D\u00f6rfer, in&hellip; <a class=\"continue\" href=\"https:\/\/www.frieslandhollandtravel.nl\/de\/nachrichten\/familie-aus-nordamerika-radelt-die-elf-staedte-tour-mit-friesland-holland-travel\/\">Lees meer<span> Familie aus Nordamerika radelt die Elf-St\u00e4dte-Tour mit Friesland Holland Travel<\/span><\/a><\/p>\n","protected":false},"author":3,"featured_media":45396,"comment_status":"closed","ping_status":"closed","sticky":false,"template":"","format":"standard","meta":{"_acf_changed":false,"wds_primary_category":0,"footnotes":""},"categories":[174],"tags":[],"class_list":["post-45402","post","type-post","status-publish","format-standard","has-post-thumbnail","hentry","category-nachrichten"],"acf":[],"_links":{"self":[{"href":"https:\/\/www.frieslandhollandtravel.nl\/de\/wp-json\/wp\/v2\/posts\/45402","targetHints":{"allow":["GET"]}}],"collection":[{"href":"https:\/\/www.frieslandhollandtravel.nl\/de\/wp-json\/wp\/v2\/posts"}],"about":[{"href":"https:\/\/www.frieslandhollandtravel.nl\/de\/wp-json\/wp\/v2\/types\/post"}],"author":[{"embeddable":true,"href":"https:\/\/www.frieslandhollandtravel.nl\/de\/wp-json\/wp\/v2\/users\/3"}],"replies":[{"embeddable":true,"href":"https:\/\/www.frieslandhollandtravel.nl\/de\/wp-json\/wp\/v2\/comments?post=45402"}],"version-history":[{"count":0,"href":"https:\/\/www.frieslandhollandtravel.nl\/de\/wp-json\/wp\/v2\/posts\/45402\/revisions"}],"wp:featuredmedia":[{"embeddable":true,"href":"https:\/\/www.frieslandhollandtravel.nl\/de\/wp-json\/wp\/v2\/media\/45396"}],"wp:attachment":[{"href":"https:\/\/www.frieslandhollandtravel.nl\/de\/wp-json\/wp\/v2\/media?parent=45402"}],"wp:term":[{"taxonomy":"category","embeddable":true,"href":"https:\/\/www.frieslandhollandtravel.nl\/de\/wp-json\/wp\/v2\/categories?post=45402"},{"taxonomy":"post_tag","embeddable":true,"href":"https:\/\/www.frieslandhollandtravel.nl\/de\/wp-json\/wp\/v2\/tags?post=45402"}],"curies":[{"name":"wp","href":"https:\/\/api.w.org\/{rel}","templated":true}]}}