{"id":45457,"date":"2025-06-22T12:19:20","date_gmt":"2025-06-22T10:19:20","guid":{"rendered":"https:\/\/www.frieslandhollandtravel.nl\/?p=45457"},"modified":"2025-06-22T12:34:00","modified_gmt":"2025-06-22T10:34:00","slug":"nordamerikanische-familie-erhaelt-elfstedentocht-medaille","status":"publish","type":"post","link":"https:\/\/www.frieslandhollandtravel.nl\/de\/nachrichten\/nordamerikanische-familie-erhaelt-elfstedentocht-medaille\/","title":{"rendered":"Nordamerikanische Familie erh\u00e4lt Elfstedentocht-Medaille!"},"content":{"rendered":"<p data-start=\"50\" data-end=\"494\">Die nordamerikanische Familie Miedema, ganze 28 Personen stark, hat am Samstag, den 21. Juni, die ber\u00fchmte Elfstedentocht per Fahrrad absolviert. Die siebent\u00e4gige Tour, organisiert von Friesland Holland Travel, f\u00fchrte die Familie durch die elf friesischen St\u00e4dte sowie durch D\u00f6rfer mit pers\u00f6nlicher Familiengeschichte. Mit Tagesetappen von 50 bis 70 Kilometern genossen die Teilnehmer die friesische Landschaft und ihre gemeinsamen Wurzeln.<\/p>\n<blockquote>\n<p data-start=\"496\" data-end=\"857\">\u201eEs war fantastisch! Es h\u00e4tte nicht besser sein k\u00f6nnen\u201c, so Folkert Miedema. \u201eWir haben Friesland und die Elfstedentocht so sehr genossen. Unsere ganze Familie lebt verstreut \u00fcber Kanada und die USA, und wir sehen uns im Durchschnitt einmal alle drei Jahre. Das war ein Erlebnis f\u00fcrs Leben. Wir sind unglaublich dankbar, dass wir das gemeinsam erleben durften.\u201c<\/p>\n<\/blockquote>\n<div class=\"wp-block-image\"><img loading=\"lazy\" decoding=\"async\" class=\"wpa-warning wpa-image-missing-alt alignnone size-medium wp-image-45439\" src=\"https:\/\/www.frieslandhollandtravel.nl\/wp-content\/uploads\/2025\/06\/image00001-219x300.jpeg\" alt=\"\" width=\"219\" height=\"300\" data-warning=\"Missing alt text\" srcset=\"https:\/\/www.frieslandhollandtravel.nl\/wp-content\/uploads\/2025\/06\/image00001-219x300.jpeg 219w, https:\/\/www.frieslandhollandtravel.nl\/wp-content\/uploads\/2025\/06\/image00001-753x1030.jpeg 753w, https:\/\/www.frieslandhollandtravel.nl\/wp-content\/uploads\/2025\/06\/image00001-768x1051.jpeg 768w, https:\/\/www.frieslandhollandtravel.nl\/wp-content\/uploads\/2025\/06\/image00001-1123x1536.jpeg 1123w, https:\/\/www.frieslandhollandtravel.nl\/wp-content\/uploads\/2025\/06\/image00001-scaled.jpeg 1497w, https:\/\/www.frieslandhollandtravel.nl\/wp-content\/uploads\/2025\/06\/image00001-450x616.jpeg 450w, https:\/\/www.frieslandhollandtravel.nl\/wp-content\/uploads\/2025\/06\/image00001-600x821.jpeg 600w\" sizes=\"auto, (max-width: 219px) 100vw, 219px\" \/><br \/>\n<em data-start=\"859\" data-end=\"963\">(Von links nach rechts: Sytze de Haan (Friesland Holland Travel), Folkert Miedema und Frances Miedema)<\/em><\/div>\n<p data-start=\"965\" data-end=\"1363\">Die Leistung der Familie blieb nicht unbemerkt. Einen Tag vor dem Ziel nahm die Stiftung <a href=\"https:\/\/www.fietselfstedentocht.frl\/\">De Friese Elfsteden Rijwieltocht<\/a>, die Organisation hinter dem j\u00e4hrlichen Fietselfstedentocht-Event, Kontakt zu Friesland Holland Travel auf. Beeindruckt von der besonderen Familiengeschichte entschied sich die Stiftung, die gesamte Gruppe mit einer offiziellen Fietselfstedentocht-Medaille zu \u00fcberraschen.<\/p>\n<p data-start=\"1365\" data-end=\"1516\">Die Medaillen wurden beim Zieleinlauf in Leeuwarden von Vorstandsmitglied Bert Altenburg \u00fcberreicht und mit Dankbarkeit und Jubel entgegengenommen.<\/p>\n<div class=\"wp-block-image\"><img loading=\"lazy\" decoding=\"async\" class=\"wpa-warning wpa-image-missing-alt alignnone size-medium wp-image-45436\" src=\"https:\/\/www.frieslandhollandtravel.nl\/wp-content\/uploads\/2025\/06\/image00002-300x210.jpeg\" alt=\"\" width=\"300\" height=\"210\" data-warning=\"Missing alt text\" srcset=\"https:\/\/www.frieslandhollandtravel.nl\/wp-content\/uploads\/2025\/06\/image00002-300x210.jpeg 300w, https:\/\/www.frieslandhollandtravel.nl\/wp-content\/uploads\/2025\/06\/image00002-1030x720.jpeg 1030w, https:\/\/www.frieslandhollandtravel.nl\/wp-content\/uploads\/2025\/06\/image00002-768x537.jpeg 768w, https:\/\/www.frieslandhollandtravel.nl\/wp-content\/uploads\/2025\/06\/image00002-1536x1074.jpeg 1536w, https:\/\/www.frieslandhollandtravel.nl\/wp-content\/uploads\/2025\/06\/image00002-scaled.jpeg 2048w, https:\/\/www.frieslandhollandtravel.nl\/wp-content\/uploads\/2025\/06\/image00002-450x315.jpeg 450w, https:\/\/www.frieslandhollandtravel.nl\/wp-content\/uploads\/2025\/06\/image00002-600x419.jpeg 600w\" sizes=\"auto, (max-width: 300px) 100vw, 300px\" \/><\/div>\n<p data-start=\"1518\" data-end=\"1594\"><em data-start=\"1518\" data-end=\"1594\">(Die gesamte Gruppe mit der offiziellen Flagge der Elfstedentocht-Radtour)<\/em><\/p>\n<p data-start=\"1596\" data-end=\"1889\">Der Fietselfstedentocht, der jedes Jahr am Pfingstmontag stattfindet, gilt als sportliche Herausforderung: Bis zu 15.000 Teilnehmer starten in 23 Startgruppen in Bolsward. Um die Tour zu bestehen, m\u00fcssen die Radfahrer an einem Tag 15 Stempel sammeln und vor Mitternacht das Ziel erreichen.<\/p>\n<p data-start=\"1891\" data-end=\"2118\">Obwohl diese Familie die Tour auf mehrere Tage verteilte, wurde ihr Einsatz, ihre Verbundenheit mit Friesland und das gemeinsame Familienabenteuer als au\u00dfergew\u00f6hnliche Leistung gew\u00fcrdigt, ganz im Geiste der Elfstedentocht.<\/p>\n<div class=\"wp-block-image\"><img loading=\"lazy\" decoding=\"async\" class=\"wpa-warning wpa-image-missing-alt alignnone size-medium wp-image-45396\" src=\"https:\/\/www.frieslandhollandtravel.nl\/wp-content\/uploads\/2025\/06\/162dc190-3d10-39c9-9a08-022d30411b72-300x168.jpg\" alt=\"\" width=\"300\" height=\"168\" data-warning=\"Missing alt text\" srcset=\"https:\/\/www.frieslandhollandtravel.nl\/wp-content\/uploads\/2025\/06\/162dc190-3d10-39c9-9a08-022d30411b72-300x168.jpg 300w, https:\/\/www.frieslandhollandtravel.nl\/wp-content\/uploads\/2025\/06\/162dc190-3d10-39c9-9a08-022d30411b72-1030x578.jpg 1030w, https:\/\/www.frieslandhollandtravel.nl\/wp-content\/uploads\/2025\/06\/162dc190-3d10-39c9-9a08-022d30411b72-768x431.jpg 768w, https:\/\/www.frieslandhollandtravel.nl\/wp-content\/uploads\/2025\/06\/162dc190-3d10-39c9-9a08-022d30411b72-450x253.jpg 450w, https:\/\/www.frieslandhollandtravel.nl\/wp-content\/uploads\/2025\/06\/162dc190-3d10-39c9-9a08-022d30411b72-600x337.jpg 600w, https:\/\/www.frieslandhollandtravel.nl\/wp-content\/uploads\/2025\/06\/162dc190-3d10-39c9-9a08-022d30411b72.jpg 1104w\" sizes=\"auto, (max-width: 300px) 100vw, 300px\" \/><\/div>\n<p data-start=\"2120\" data-end=\"2141\"><em data-start=\"2120\" data-end=\"2141\">Foto: <a href=\"https:\/\/www.omropfryslan.nl\/fy\">Omrop Frysl\u00e2n<\/a><\/em><\/p>\n<p data-start=\"2143\" data-end=\"2171\"><strong data-start=\"2143\" data-end=\"2171\">Friesland Holland Travel<\/strong><\/p>\n<p data-start=\"2173\" data-end=\"2296\">Diese Reise ist Teil der kompletten Radurlaube von Friesland Holland Travel, dem Spezialisten f\u00fcr Elfstedentocht-Radreisen.<\/p>\n<p data-start=\"2298\" data-end=\"2345\"><strong data-start=\"2298\" data-end=\"2345\">Mehr erfahren oder selbst eine Tour planen?<\/strong><\/p>\n<p data-start=\"2347\" data-end=\"2456\">\ud83c\udf10\u00a0<a class=\"\" href=\"http:\/\/www.frieslandhollandtravel.nl\" target=\"_new\" rel=\"noopener\" data-start=\"2350\" data-end=\"2419\">www.frieslandhollandtravel.nl<\/a><br data-start=\"2419\" data-end=\"2422\" \/>\u2709\ufe0f\u00a0<a class=\"cursor-pointer\" rel=\"noopener\" data-start=\"2425\" data-end=\"2456\">info@frieslandhollandtravel.com<\/a><\/p>\n<p data-start=\"2458\" data-end=\"2518\">F\u00fcr die neuesten Nachrichten aus Friesland: <a href=\"https:\/\/www.friesnieuws.nl\/\"><strong data-start=\"2502\" data-end=\"2518\">Fries Nieuws<\/strong><\/a><\/p>\n","protected":false},"excerpt":{"rendered":"<p>Die nordamerikanische Familie Miedema, ganze 28 Personen stark, hat am Samstag, den 21. Juni, die ber\u00fchmte Elfstedentocht per Fahrrad absolviert. Die siebent\u00e4gige Tour, organisiert von Friesland Holland Travel, f\u00fchrte die Familie durch die elf friesischen St\u00e4dte sowie durch D\u00f6rfer mit pers\u00f6nlicher Familiengeschichte. Mit Tagesetappen von 50 bis 70 Kilometern genossen die Teilnehmer die friesische Landschaft&hellip; <a class=\"continue\" href=\"https:\/\/www.frieslandhollandtravel.nl\/de\/nachrichten\/nordamerikanische-familie-erhaelt-elfstedentocht-medaille\/\">Lees meer<span> Nordamerikanische Familie erh\u00e4lt Elfstedentocht-Medaille!<\/span><\/a><\/p>\n","protected":false},"author":3,"featured_media":45442,"comment_status":"closed","ping_status":"closed","sticky":false,"template":"","format":"standard","meta":{"_acf_changed":false,"wds_primary_category":0,"footnotes":""},"categories":[174],"tags":[],"class_list":["post-45457","post","type-post","status-publish","format-standard","has-post-thumbnail","hentry","category-nachrichten"],"acf":[],"_links":{"self":[{"href":"https:\/\/www.frieslandhollandtravel.nl\/de\/wp-json\/wp\/v2\/posts\/45457","targetHints":{"allow":["GET"]}}],"collection":[{"href":"https:\/\/www.frieslandhollandtravel.nl\/de\/wp-json\/wp\/v2\/posts"}],"about":[{"href":"https:\/\/www.frieslandhollandtravel.nl\/de\/wp-json\/wp\/v2\/types\/post"}],"author":[{"embeddable":true,"href":"https:\/\/www.frieslandhollandtravel.nl\/de\/wp-json\/wp\/v2\/users\/3"}],"replies":[{"embeddable":true,"href":"https:\/\/www.frieslandhollandtravel.nl\/de\/wp-json\/wp\/v2\/comments?post=45457"}],"version-history":[{"count":0,"href":"https:\/\/www.frieslandhollandtravel.nl\/de\/wp-json\/wp\/v2\/posts\/45457\/revisions"}],"wp:featuredmedia":[{"embeddable":true,"href":"https:\/\/www.frieslandhollandtravel.nl\/de\/wp-json\/wp\/v2\/media\/45442"}],"wp:attachment":[{"href":"https:\/\/www.frieslandhollandtravel.nl\/de\/wp-json\/wp\/v2\/media?parent=45457"}],"wp:term":[{"taxonomy":"category","embeddable":true,"href":"https:\/\/www.frieslandhollandtravel.nl\/de\/wp-json\/wp\/v2\/categories?post=45457"},{"taxonomy":"post_tag","embeddable":true,"href":"https:\/\/www.frieslandhollandtravel.nl\/de\/wp-json\/wp\/v2\/tags?post=45457"}],"curies":[{"name":"wp","href":"https:\/\/api.w.org\/{rel}","templated":true}]}}