{"id":45600,"date":"2025-06-25T19:32:35","date_gmt":"2025-06-25T17:32:35","guid":{"rendered":"https:\/\/www.frieslandhollandtravel.nl\/?p=45600"},"modified":"2025-06-25T19:49:13","modified_gmt":"2025-06-25T17:49:13","slug":"fahrradurlaub-des-jahres-2025-elf-staedte-tour-mit-ameland","status":"publish","type":"post","link":"https:\/\/www.frieslandhollandtravel.nl\/de\/nachrichten\/fahrradurlaub-des-jahres-2025-elf-staedte-tour-mit-ameland\/","title":{"rendered":"Fahrradurlaub des Jahres 2025: Elf-St\u00e4dte-Tour mit Ameland!"},"content":{"rendered":"<p data-start=\"48\" data-end=\"96\"><strong data-start=\"48\" data-end=\"96\">Von Redakteur Albert Hendriks, 25. Juni 2025<\/strong><\/p>\n<p data-start=\"98\" data-end=\"900\"><strong data-start=\"98\" data-end=\"137\">HOLWERT AN DER WATTENMEERK\u00dcSTE (NL)<\/strong> \u2013 <strong>Die Bewegungen rund um das F\u00e4hrterminal Holwert-Ameland der Wagenborg Passagiersdiensten auf dem Pier von Holwert (fr\u00fcher im Niederl\u00e4ndischen: Holwerd) sind eine Sehensw\u00fcrdigkeit f\u00fcr Urlauber auf dem Festland, etwa f\u00fcr die Camper auf dem Campingplatz <em data-start=\"391\" data-end=\"405\">Zee van Tijd<\/em>. Ob Wohnmobilreisende, Mieter eines Glampingzelts oder Ferienh\u00e4uschens oder die echten Camper mit Zelt \u2013 sie radeln f\u00fcnf bis sieben Tage lang von Holwert entlang des Wattenmeers und durch die n\u00f6rdlichen friesischen Elf-St\u00e4dte: Dokkum (Bonifatius war schon da), Leeuwarden (2018 Kulturhauptstadt Europas), Franeker (UNESCO-Welterbe: das Eise-Eisinga-Planetarium) und Harlingen (500 Denkm\u00e4ler!). Gastgeberin Nicole van Barneveld sowie die Gastgeber Sytze de Haan und Rob Fox zeigen ihnen den Weg.<\/strong><\/p>\n<div class=\"wp-block-image\"><img loading=\"lazy\" decoding=\"async\" class=\"wpa-warning wpa-image-missing-alt alignnone size-medium wp-image-45528\" src=\"https:\/\/www.frieslandhollandtravel.nl\/wp-content\/uploads\/2025\/06\/1bIMG_6956-1-Groot-300x225.webp\" alt=\"\" width=\"300\" height=\"225\" data-warning=\"Missing alt text\" srcset=\"https:\/\/www.frieslandhollandtravel.nl\/wp-content\/uploads\/2025\/06\/1bIMG_6956-1-Groot-300x225.webp 300w, https:\/\/www.frieslandhollandtravel.nl\/wp-content\/uploads\/2025\/06\/1bIMG_6956-1-Groot-1030x773.webp 1030w, https:\/\/www.frieslandhollandtravel.nl\/wp-content\/uploads\/2025\/06\/1bIMG_6956-1-Groot-768x576.webp 768w, https:\/\/www.frieslandhollandtravel.nl\/wp-content\/uploads\/2025\/06\/1bIMG_6956-1-Groot-450x338.webp 450w, https:\/\/www.frieslandhollandtravel.nl\/wp-content\/uploads\/2025\/06\/1bIMG_6956-1-Groot-600x450.webp 600w, https:\/\/www.frieslandhollandtravel.nl\/wp-content\/uploads\/2025\/06\/1bIMG_6956-1-Groot.webp 1440w\" sizes=\"auto, (max-width: 300px) 100vw, 300px\" \/><\/div>\n<div><\/div>\n<div><em>Camping Zee van Tijd in Holwert. Die Eigent\u00fcmer betreiben auch die seit 30 Jahren bestehende, bei STO Garant angeschlossene Reiseorganisation Friesland Holland Travel, die sich auf Fahrradtouren entlang der Elf-St\u00e4dte-Route und ma\u00dfgeschneiderte Urlaube in Friesland spezialisiert hat. Sytze de Haan, Nicole van Barneveld und Rob Fox empfangen und begleiten G\u00e4ste aus aller Welt \u2013 darunter viele Ausl\u00e4nder mit friesischen Wurzeln, also Kinder, Enkel und Urenkel von Auswanderern.<\/em><br data-start=\"539\" data-end=\"542\" \/><em>Mehr Infos und Buchungen: <a class=\"\" href=\"http:\/\/www.frieslandhollandtravel.nl\" target=\"_new\" rel=\"noopener\" data-start=\"568\" data-end=\"637\">www.frieslandhollandtravel.nl<\/a><\/em><br data-start=\"637\" data-end=\"640\" data-is-only-node=\"\" \/><em>Fotos: Albert Hendriks, Fries Nieuws.<\/em><\/div>\n<div><\/div>\n<div>\n<div class=\"wp-block-image\"><img loading=\"lazy\" decoding=\"async\" class=\"wpa-warning wpa-image-missing-alt alignnone size-medium wp-image-45594\" src=\"https:\/\/www.frieslandhollandtravel.nl\/wp-content\/uploads\/2025\/06\/1aIMG_6952-1-Groot-1-1-300x225.webp\" alt=\"\" width=\"300\" height=\"225\" data-warning=\"Missing alt text\" srcset=\"https:\/\/www.frieslandhollandtravel.nl\/wp-content\/uploads\/2025\/06\/1aIMG_6952-1-Groot-1-1-300x225.webp 300w, https:\/\/www.frieslandhollandtravel.nl\/wp-content\/uploads\/2025\/06\/1aIMG_6952-1-Groot-1-1-1030x773.webp 1030w, https:\/\/www.frieslandhollandtravel.nl\/wp-content\/uploads\/2025\/06\/1aIMG_6952-1-Groot-1-1-768x576.webp 768w, https:\/\/www.frieslandhollandtravel.nl\/wp-content\/uploads\/2025\/06\/1aIMG_6952-1-Groot-1-1-450x338.webp 450w, https:\/\/www.frieslandhollandtravel.nl\/wp-content\/uploads\/2025\/06\/1aIMG_6952-1-Groot-1-1-600x450.webp 600w, https:\/\/www.frieslandhollandtravel.nl\/wp-content\/uploads\/2025\/06\/1aIMG_6952-1-Groot-1-1.webp 1440w\" sizes=\"auto, (max-width: 300px) 100vw, 300px\" \/><\/div>\n<\/div>\n<div><\/div>\n<div>\n<p data-start=\"60\" data-end=\"633\"><strong data-start=\"60\" data-end=\"134\">Der Fischereihafen Lauwersoog mit dem brandneuen Welterbezentrum (WEC)<\/strong> \u2013 das alles \u00fcber das UNESCO-Weltnaturerbe Wattenmeer vermittelt \u2013 und mit der Seehundstation, die fr\u00fcher in Pieterburen war, ist seit Kurzem ebenfalls ein Top-Ziel in Fahrraddistanz (25 km). Und nat\u00fcrlich m\u00f6chten die Campingg\u00e4ste auch einen Tag auf Ameland mit dem Fahrrad verbringen. Eine Hin- und R\u00fcckfahrt kostet f\u00fcr Erwachsene 20,04 \u20ac, f\u00fcr ein Fahrrad 12,60 \u20ac. Kinder bis einschlie\u00dflich drei Jahre fahren kostenlos mit der F\u00e4hre. F\u00fcr Kinder von 4 bis 11 Jahren kostet das Retour-Ticket 11,04 \u20ac.<\/p>\n<p data-start=\"635\" data-end=\"987\"><strong data-start=\"635\" data-end=\"652\">Die \u00dcberfahrt<\/strong>, zum Beispiel mit der <em data-start=\"675\" data-end=\"681\">Oerd<\/em> auf den untenstehenden Fotos, ist wie eine Mini-Kreuzfahrt auf dem Wattenmeer. Die Bootsfahrt dauert 50 Minuten. Die Hinfahrt am Morgen (07:15 Uhr) und die R\u00fcckfahrt am Abend (18:30 Uhr) bieten jeweils einen anderen Blick auf das UNESCO-Weltnaturerbe \u2013 beide \u00fcberraschend durch Ebbe, Flut und Sonnenstand.<\/p>\n<p data-start=\"989\" data-end=\"1015\"><strong data-start=\"989\" data-end=\"1015\">Action und Totenstille<\/strong><\/p>\n<p data-start=\"1017\" data-end=\"1868\">Aber vielen reicht schon ein Besuch des Piers und des Terminals mit Caf\u00e9-Restaurant und speziellen Aussichtspunkten, von denen man die ankommenden und abfahrenden (Schnell-)F\u00e4hren beobachten kann. Das kurze, rhythmische Treiben, das durch Abfahrten und Ank\u00fcnfte der F\u00e4hren ausgel\u00f6st wird, gefolgt von l\u00e4nger anhaltender, fast unheimlicher Stille \u2013 das ist ein ganz besonderes Erlebnis. Und offenbar bleibt es das auch, denn K\u00fcstenbewohner und St\u00e4dter aus Leeuwarden kommen regelm\u00e4\u00dfig her. Zwischen der friesischen Hauptstadt und dem Terminal gibt es eine sehr gute Busverbindung, aber \u2013 je nach k\u00f6rperlicher Verfassung \u2013 ist die Strecke nach Holwert auch problemlos mit dem Fahrrad machbar: weniger als 30 km auf gut ausgebauten Radwegen. In diesem Fall, aber auch mit dem Auto oder einem anderen motorisierten Fahrzeug, ist man so frei wie eine M\u00f6we.<\/p>\n<div class=\"wp-block-image\"><img loading=\"lazy\" decoding=\"async\" class=\"wpa-warning wpa-image-missing-alt alignnone size-medium wp-image-45534\" src=\"https:\/\/www.frieslandhollandtravel.nl\/wp-content\/uploads\/2025\/06\/1cIMG_6960-Groot-1024x768-1-300x225.webp\" alt=\"\" width=\"300\" height=\"225\" data-warning=\"Missing alt text\" srcset=\"https:\/\/www.frieslandhollandtravel.nl\/wp-content\/uploads\/2025\/06\/1cIMG_6960-Groot-1024x768-1-300x225.webp 300w, https:\/\/www.frieslandhollandtravel.nl\/wp-content\/uploads\/2025\/06\/1cIMG_6960-Groot-1024x768-1-768x576.webp 768w, https:\/\/www.frieslandhollandtravel.nl\/wp-content\/uploads\/2025\/06\/1cIMG_6960-Groot-1024x768-1-450x338.webp 450w, https:\/\/www.frieslandhollandtravel.nl\/wp-content\/uploads\/2025\/06\/1cIMG_6960-Groot-1024x768-1-600x450.webp 600w, https:\/\/www.frieslandhollandtravel.nl\/wp-content\/uploads\/2025\/06\/1cIMG_6960-Groot-1024x768-1.webp 1024w\" sizes=\"auto, (max-width: 300px) 100vw, 300px\" \/><\/div>\n<\/div>\n<div><\/div>\n<div>\n<p data-start=\"69\" data-end=\"95\"><strong data-start=\"69\" data-end=\"95\">Weitere Informationen:<\/strong><\/p>\n<ul data-start=\"97\" data-end=\"737\">\n<li data-start=\"97\" data-end=\"297\">\n<p data-start=\"99\" data-end=\"297\"><a class=\"\" href=\"http:\/\/www.zeevantijd.nl\" target=\"_new\" rel=\"noopener\" data-start=\"99\" data-end=\"144\">www.zeevantijd.nl<\/a><br data-start=\"144\" data-end=\"147\" \/><em data-start=\"149\" data-end=\"297\">(F\u00fcr mehrt\u00e4gige Urlaube in Friesland, darunter auch eine komplett organisierte Fahrradtour entlang der Elf-St\u00e4dte-Route, ab Holwert am Wattenmeer)<\/em><\/p>\n<\/li>\n<li data-start=\"299\" data-end=\"431\">\n<p data-start=\"301\" data-end=\"431\"><a class=\"\" href=\"http:\/\/www.ontdekwec.nl\" target=\"_new\" rel=\"noopener\" data-start=\"301\" data-end=\"344\">www.ontdekwec.nl<\/a><br data-start=\"344\" data-end=\"347\" \/><em data-start=\"349\" data-end=\"431\">(Welterbezentrum in Lauwersoog \u2013 alles \u00fcber das UNESCO-Weltnaturerbe Wattenmeer)<\/em><\/p>\n<\/li>\n<li data-start=\"433\" data-end=\"546\">\n<p data-start=\"435\" data-end=\"546\"><a class=\"\" href=\"http:\/\/www.wpd.nl\" target=\"_new\" rel=\"noopener\" data-start=\"435\" data-end=\"466\">www.wpd.nl<\/a><br data-start=\"466\" data-end=\"469\" \/><em data-start=\"471\" data-end=\"546\">(Wagenborg Passagiersdiensten, F\u00e4hrverbindung Ameland\u2013Holwert und zur\u00fcck)<\/em><\/p>\n<\/li>\n<li data-start=\"548\" data-end=\"737\">\n<p data-start=\"550\" data-end=\"737\"><a class=\"cursor-pointer\" target=\"_new\" rel=\"noopener\" data-start=\"550\" data-end=\"665\">www.wpd.nl\/veelgestelde-vragen\/tarieven-ameland-2025<\/a><br data-start=\"665\" data-end=\"668\" \/><em data-start=\"670\" data-end=\"737\">(Informationen zu den F\u00e4hrpreisen 2025 f\u00fcr Ameland mit Wagenborg)<\/em><\/p>\n<\/li>\n<\/ul>\n<p data-start=\"739\" data-end=\"770\"><strong data-start=\"739\" data-end=\"770\">Mehr Fotos und Neuigkeiten:<\/strong><\/p>\n<p data-start=\"772\" data-end=\"850\">Folgen Sie <a class=\"\" href=\"http:\/\/www.facebook.com\/friesnieuws\" target=\"_new\" rel=\"noopener\" data-start=\"783\" data-end=\"850\">www.facebook.com\/friesnieuws<\/a><\/p>\n<\/div>\n<div class=\"wp-block-image\"><img loading=\"lazy\" decoding=\"async\" class=\"wpa-warning wpa-image-missing-alt alignnone size-medium wp-image-45537\" src=\"https:\/\/www.frieslandhollandtravel.nl\/wp-content\/uploads\/2025\/06\/2aP6161020-Groot-1024x768-1-300x225.webp\" alt=\"\" width=\"300\" height=\"225\" data-warning=\"Missing alt text\" srcset=\"https:\/\/www.frieslandhollandtravel.nl\/wp-content\/uploads\/2025\/06\/2aP6161020-Groot-1024x768-1-300x225.webp 300w, https:\/\/www.frieslandhollandtravel.nl\/wp-content\/uploads\/2025\/06\/2aP6161020-Groot-1024x768-1-768x576.webp 768w, https:\/\/www.frieslandhollandtravel.nl\/wp-content\/uploads\/2025\/06\/2aP6161020-Groot-1024x768-1-450x338.webp 450w, https:\/\/www.frieslandhollandtravel.nl\/wp-content\/uploads\/2025\/06\/2aP6161020-Groot-1024x768-1-600x450.webp 600w, https:\/\/www.frieslandhollandtravel.nl\/wp-content\/uploads\/2025\/06\/2aP6161020-Groot-1024x768-1.webp 1024w\" sizes=\"auto, (max-width: 300px) 100vw, 300px\" \/><\/div>\n<div><\/div>\n<div><em>Ein Tagesausflug nach Ameland \u2013 direkt vom Campingplatz Zee van Tijd oder von der luxuri\u00f6sen Gruppenunterkunft und dem Hotel Zee van Tijd in Holwert \u2013 verleiht einem Campingurlaub oder einer Fahrradtour entlang der Elf-St\u00e4dte-Route eine ganz besondere Dimension. G\u00e4ste empfinden eine solche Unterbrechung als gro\u00dfartig, sagt Hospitality-Manager Rob Fox von den Ferienunterk\u00fcnften in Holwert.<\/em><br data-start=\"456\" data-end=\"459\" \/><em><a class=\"\" href=\"http:\/\/www.frieslandhollandtravel.nl\" target=\"_new\" rel=\"noopener\" data-start=\"459\" data-end=\"528\" data-is-only-node=\"\">www.frieslandhollandtravel.nl<\/a> organisiert die kurze, aber eindrucksvolle \u00dcberfahrt mit weiten Ausblicken, das Inselfeeling und die Begegnung mit dem UNESCO-Weltnaturerbe Wattenmeer.<\/em><br data-start=\"680\" data-end=\"683\" \/><em>Fotos: Albert Hendriks, Fries Nieuws.<\/em><\/div>\n<div><\/div>\n<div>\n<div class=\"wp-block-image\"><img loading=\"lazy\" decoding=\"async\" class=\"wpa-warning wpa-image-missing-alt alignnone size-medium wp-image-45540\" src=\"https:\/\/www.frieslandhollandtravel.nl\/wp-content\/uploads\/2025\/06\/2bP6160571-Groot-1024x768-1-300x225.webp\" alt=\"\" width=\"300\" height=\"225\" data-warning=\"Missing alt text\" srcset=\"https:\/\/www.frieslandhollandtravel.nl\/wp-content\/uploads\/2025\/06\/2bP6160571-Groot-1024x768-1-300x225.webp 300w, https:\/\/www.frieslandhollandtravel.nl\/wp-content\/uploads\/2025\/06\/2bP6160571-Groot-1024x768-1-768x576.webp 768w, https:\/\/www.frieslandhollandtravel.nl\/wp-content\/uploads\/2025\/06\/2bP6160571-Groot-1024x768-1-450x338.webp 450w, https:\/\/www.frieslandhollandtravel.nl\/wp-content\/uploads\/2025\/06\/2bP6160571-Groot-1024x768-1-600x450.webp 600w, https:\/\/www.frieslandhollandtravel.nl\/wp-content\/uploads\/2025\/06\/2bP6160571-Groot-1024x768-1.webp 1024w\" sizes=\"auto, (max-width: 300px) 100vw, 300px\" \/><\/div>\n<\/div>\n<div><\/div>\n<div>\n<div class=\"wp-block-image\"><img loading=\"lazy\" decoding=\"async\" class=\"wpa-warning wpa-image-missing-alt alignnone size-medium wp-image-45543\" src=\"https:\/\/www.frieslandhollandtravel.nl\/wp-content\/uploads\/2025\/06\/2cP6160517-Groot-1024x768-1-300x225.webp\" alt=\"\" width=\"300\" height=\"225\" data-warning=\"Missing alt text\" srcset=\"https:\/\/www.frieslandhollandtravel.nl\/wp-content\/uploads\/2025\/06\/2cP6160517-Groot-1024x768-1-300x225.webp 300w, https:\/\/www.frieslandhollandtravel.nl\/wp-content\/uploads\/2025\/06\/2cP6160517-Groot-1024x768-1-768x576.webp 768w, https:\/\/www.frieslandhollandtravel.nl\/wp-content\/uploads\/2025\/06\/2cP6160517-Groot-1024x768-1-450x338.webp 450w, https:\/\/www.frieslandhollandtravel.nl\/wp-content\/uploads\/2025\/06\/2cP6160517-Groot-1024x768-1-600x450.webp 600w, https:\/\/www.frieslandhollandtravel.nl\/wp-content\/uploads\/2025\/06\/2cP6160517-Groot-1024x768-1.webp 1024w\" sizes=\"auto, (max-width: 300px) 100vw, 300px\" \/><\/div>\n<\/div>\n<div><\/div>\n<div>\n<div class=\"wp-block-image\"><img loading=\"lazy\" decoding=\"async\" class=\"wpa-warning wpa-image-missing-alt alignnone size-medium wp-image-45546\" src=\"https:\/\/www.frieslandhollandtravel.nl\/wp-content\/uploads\/2025\/06\/2dP6160766-Groot-rotated-1-225x300.webp\" alt=\"\" width=\"225\" height=\"300\" data-warning=\"Missing alt text\" srcset=\"https:\/\/www.frieslandhollandtravel.nl\/wp-content\/uploads\/2025\/06\/2dP6160766-Groot-rotated-1-225x300.webp 225w, https:\/\/www.frieslandhollandtravel.nl\/wp-content\/uploads\/2025\/06\/2dP6160766-Groot-rotated-1-773x1030.webp 773w, https:\/\/www.frieslandhollandtravel.nl\/wp-content\/uploads\/2025\/06\/2dP6160766-Groot-rotated-1-768x1024.webp 768w, https:\/\/www.frieslandhollandtravel.nl\/wp-content\/uploads\/2025\/06\/2dP6160766-Groot-rotated-1-450x600.webp 450w, https:\/\/www.frieslandhollandtravel.nl\/wp-content\/uploads\/2025\/06\/2dP6160766-Groot-rotated-1-600x800.webp 600w, https:\/\/www.frieslandhollandtravel.nl\/wp-content\/uploads\/2025\/06\/2dP6160766-Groot-rotated-1.webp 1080w\" sizes=\"auto, (max-width: 225px) 100vw, 225px\" \/><\/div>\n<\/div>\n<div><\/div>\n<div>\n<div class=\"wp-block-image\"><img loading=\"lazy\" decoding=\"async\" class=\"wpa-warning wpa-image-missing-alt alignnone size-medium wp-image-45549\" src=\"https:\/\/www.frieslandhollandtravel.nl\/wp-content\/uploads\/2025\/06\/3aP6160735-Groot-1024x768-1-300x225.webp\" alt=\"\" width=\"300\" height=\"225\" data-warning=\"Missing alt text\" srcset=\"https:\/\/www.frieslandhollandtravel.nl\/wp-content\/uploads\/2025\/06\/3aP6160735-Groot-1024x768-1-300x225.webp 300w, https:\/\/www.frieslandhollandtravel.nl\/wp-content\/uploads\/2025\/06\/3aP6160735-Groot-1024x768-1-768x576.webp 768w, https:\/\/www.frieslandhollandtravel.nl\/wp-content\/uploads\/2025\/06\/3aP6160735-Groot-1024x768-1-450x338.webp 450w, https:\/\/www.frieslandhollandtravel.nl\/wp-content\/uploads\/2025\/06\/3aP6160735-Groot-1024x768-1-600x450.webp 600w, https:\/\/www.frieslandhollandtravel.nl\/wp-content\/uploads\/2025\/06\/3aP6160735-Groot-1024x768-1.webp 1024w\" sizes=\"auto, (max-width: 300px) 100vw, 300px\" \/><\/div>\n<\/div>\n<div><\/div>\n<div><em>Die endlose Sch\u00f6nheit des Wattenmeers und des angrenzenden Wattenlandes im Norden Frieslands, durch das auch die Elf-St\u00e4dte-Fahrradroute verl\u00e4uft, mit Holwert (Holwerd) als erlebnisreichem H\u00f6hepunkt.<\/em><br data-start=\"266\" data-end=\"269\" \/><em>Fotos: Albert Hendriks, Fries Nieuws.<\/em><\/div>\n<div><\/div>\n<div>\n<div class=\"wp-block-image\"><img loading=\"lazy\" decoding=\"async\" class=\"wpa-warning wpa-image-missing-alt alignnone size-medium wp-image-45552\" src=\"https:\/\/www.frieslandhollandtravel.nl\/wp-content\/uploads\/2025\/06\/3bP6160918-Groot-1024x768-1-300x225.webp\" alt=\"\" width=\"300\" height=\"225\" data-warning=\"Missing alt text\" srcset=\"https:\/\/www.frieslandhollandtravel.nl\/wp-content\/uploads\/2025\/06\/3bP6160918-Groot-1024x768-1-300x225.webp 300w, https:\/\/www.frieslandhollandtravel.nl\/wp-content\/uploads\/2025\/06\/3bP6160918-Groot-1024x768-1-768x576.webp 768w, https:\/\/www.frieslandhollandtravel.nl\/wp-content\/uploads\/2025\/06\/3bP6160918-Groot-1024x768-1-450x338.webp 450w, https:\/\/www.frieslandhollandtravel.nl\/wp-content\/uploads\/2025\/06\/3bP6160918-Groot-1024x768-1-600x450.webp 600w, https:\/\/www.frieslandhollandtravel.nl\/wp-content\/uploads\/2025\/06\/3bP6160918-Groot-1024x768-1.webp 1024w\" sizes=\"auto, (max-width: 300px) 100vw, 300px\" \/><\/div>\n<\/div>\n<div><\/div>\n<div>\n<div class=\"wp-block-image\"><img loading=\"lazy\" decoding=\"async\" class=\"wpa-warning wpa-image-missing-alt alignnone size-medium wp-image-45558\" src=\"https:\/\/www.frieslandhollandtravel.nl\/wp-content\/uploads\/2025\/06\/3dP6160898-Groot-225x300.webp\" alt=\"\" width=\"225\" height=\"300\" data-warning=\"Missing alt text\" srcset=\"https:\/\/www.frieslandhollandtravel.nl\/wp-content\/uploads\/2025\/06\/3dP6160898-Groot-225x300.webp 225w, https:\/\/www.frieslandhollandtravel.nl\/wp-content\/uploads\/2025\/06\/3dP6160898-Groot-773x1030.webp 773w, https:\/\/www.frieslandhollandtravel.nl\/wp-content\/uploads\/2025\/06\/3dP6160898-Groot-768x1024.webp 768w, https:\/\/www.frieslandhollandtravel.nl\/wp-content\/uploads\/2025\/06\/3dP6160898-Groot-450x600.webp 450w, https:\/\/www.frieslandhollandtravel.nl\/wp-content\/uploads\/2025\/06\/3dP6160898-Groot-600x800.webp 600w, https:\/\/www.frieslandhollandtravel.nl\/wp-content\/uploads\/2025\/06\/3dP6160898-Groot.webp 1080w\" sizes=\"auto, (max-width: 225px) 100vw, 225px\" \/><\/div>\n<\/div>\n<div><\/div>\n<div>\n<div class=\"wp-block-image\"><img loading=\"lazy\" decoding=\"async\" class=\"wpa-warning wpa-image-missing-alt alignnone size-medium wp-image-45561\" src=\"https:\/\/www.frieslandhollandtravel.nl\/wp-content\/uploads\/2025\/06\/3eIMG_6984-1-Groot-1024x768-1-300x225.webp\" alt=\"\" width=\"300\" height=\"225\" data-warning=\"Missing alt text\" srcset=\"https:\/\/www.frieslandhollandtravel.nl\/wp-content\/uploads\/2025\/06\/3eIMG_6984-1-Groot-1024x768-1-300x225.webp 300w, https:\/\/www.frieslandhollandtravel.nl\/wp-content\/uploads\/2025\/06\/3eIMG_6984-1-Groot-1024x768-1-768x576.webp 768w, https:\/\/www.frieslandhollandtravel.nl\/wp-content\/uploads\/2025\/06\/3eIMG_6984-1-Groot-1024x768-1-450x338.webp 450w, https:\/\/www.frieslandhollandtravel.nl\/wp-content\/uploads\/2025\/06\/3eIMG_6984-1-Groot-1024x768-1-600x450.webp 600w, https:\/\/www.frieslandhollandtravel.nl\/wp-content\/uploads\/2025\/06\/3eIMG_6984-1-Groot-1024x768-1.webp 1024w\" sizes=\"auto, (max-width: 300px) 100vw, 300px\" \/><\/div>\n<\/div>\n<div><\/div>\n<div>\n<div class=\"wp-block-image\"><img loading=\"lazy\" decoding=\"async\" class=\"wpa-warning wpa-image-missing-alt alignnone size-medium wp-image-45564\" src=\"https:\/\/www.frieslandhollandtravel.nl\/wp-content\/uploads\/2025\/06\/3fIMG_0990-Groot-1024x768-1-300x225.webp\" alt=\"\" width=\"300\" height=\"225\" data-warning=\"Missing alt text\" srcset=\"https:\/\/www.frieslandhollandtravel.nl\/wp-content\/uploads\/2025\/06\/3fIMG_0990-Groot-1024x768-1-300x225.webp 300w, https:\/\/www.frieslandhollandtravel.nl\/wp-content\/uploads\/2025\/06\/3fIMG_0990-Groot-1024x768-1-768x576.webp 768w, https:\/\/www.frieslandhollandtravel.nl\/wp-content\/uploads\/2025\/06\/3fIMG_0990-Groot-1024x768-1-450x338.webp 450w, https:\/\/www.frieslandhollandtravel.nl\/wp-content\/uploads\/2025\/06\/3fIMG_0990-Groot-1024x768-1-600x450.webp 600w, https:\/\/www.frieslandhollandtravel.nl\/wp-content\/uploads\/2025\/06\/3fIMG_0990-Groot-1024x768-1.webp 1024w\" sizes=\"auto, (max-width: 300px) 100vw, 300px\" \/><\/div>\n<\/div>\n<div><\/div>\n<div>\n<div class=\"wp-block-image\"><img loading=\"lazy\" decoding=\"async\" class=\"wpa-warning wpa-image-missing-alt alignnone size-medium wp-image-45567\" src=\"https:\/\/www.frieslandhollandtravel.nl\/wp-content\/uploads\/2025\/06\/3gP8130136-Groot-1024x768-1-300x225.webp\" alt=\"\" width=\"300\" height=\"225\" data-warning=\"Missing alt text\" srcset=\"https:\/\/www.frieslandhollandtravel.nl\/wp-content\/uploads\/2025\/06\/3gP8130136-Groot-1024x768-1-300x225.webp 300w, https:\/\/www.frieslandhollandtravel.nl\/wp-content\/uploads\/2025\/06\/3gP8130136-Groot-1024x768-1-768x576.webp 768w, https:\/\/www.frieslandhollandtravel.nl\/wp-content\/uploads\/2025\/06\/3gP8130136-Groot-1024x768-1-450x338.webp 450w, https:\/\/www.frieslandhollandtravel.nl\/wp-content\/uploads\/2025\/06\/3gP8130136-Groot-1024x768-1-600x450.webp 600w, https:\/\/www.frieslandhollandtravel.nl\/wp-content\/uploads\/2025\/06\/3gP8130136-Groot-1024x768-1.webp 1024w\" sizes=\"auto, (max-width: 300px) 100vw, 300px\" \/><\/div>\n<\/div>\n<div><\/div>\n<div>\n<div class=\"wp-block-image\"><img loading=\"lazy\" decoding=\"async\" class=\"wpa-warning wpa-image-missing-alt alignnone size-medium wp-image-45570\" src=\"https:\/\/www.frieslandhollandtravel.nl\/wp-content\/uploads\/2025\/06\/4aP8130351-Groot-1024x768-1-300x225.webp\" alt=\"\" width=\"300\" height=\"225\" data-warning=\"Missing alt text\" srcset=\"https:\/\/www.frieslandhollandtravel.nl\/wp-content\/uploads\/2025\/06\/4aP8130351-Groot-1024x768-1-300x225.webp 300w, https:\/\/www.frieslandhollandtravel.nl\/wp-content\/uploads\/2025\/06\/4aP8130351-Groot-1024x768-1-768x576.webp 768w, https:\/\/www.frieslandhollandtravel.nl\/wp-content\/uploads\/2025\/06\/4aP8130351-Groot-1024x768-1-450x338.webp 450w, https:\/\/www.frieslandhollandtravel.nl\/wp-content\/uploads\/2025\/06\/4aP8130351-Groot-1024x768-1-600x450.webp 600w, https:\/\/www.frieslandhollandtravel.nl\/wp-content\/uploads\/2025\/06\/4aP8130351-Groot-1024x768-1.webp 1024w\" sizes=\"auto, (max-width: 300px) 100vw, 300px\" \/><\/div>\n<\/div>\n<div><\/div>\n<div><em>Geboren und aufgewachsen in Holwert (Holwerd): Reiseveranstalter und Reiseleiter Sytze de Haan von Friesland Holland Travel (<a class=\"\" href=\"http:\/\/www.frieslandhollandtravel.nl\" target=\"_new\" rel=\"noopener\" data-start=\"183\" data-end=\"252\">www.frieslandhollandtravel.nl<\/a>).<\/em><br data-start=\"254\" data-end=\"257\" data-is-only-node=\"\" \/><em>Er kennt sich bestens aus im Urlaubsland Friesland, kennt die friesischen Elf-St\u00e4dte wie kein Zweiter und bucht f\u00fcr Teilnehmer der Elf-St\u00e4dte-Radtour die passenden (Fahrrad-)Hotels \u2013 abgestimmt auf die t\u00e4gliche Wunschstrecke der G\u00e4ste.<\/em><br data-start=\"496\" data-end=\"499\" \/><em>Er organisiert praktisch alles: Gep\u00e4cktransport, Pannenservice und auf Wunsch auch komplett ausgestattete Miet-E-Bikes.<\/em><br data-start=\"630\" data-end=\"633\" \/><em>Fotos: Albert Hendriks, Fries Nieuws.<\/em><\/div>\n<div><\/div>\n<div>\n<div class=\"wp-block-image\"><img loading=\"lazy\" decoding=\"async\" class=\"wpa-warning wpa-image-missing-alt alignnone size-medium wp-image-45573\" src=\"https:\/\/www.frieslandhollandtravel.nl\/wp-content\/uploads\/2025\/06\/4bP8130338-Groot-1024x768-1-300x225.webp\" alt=\"\" width=\"300\" height=\"225\" data-warning=\"Missing alt text\" srcset=\"https:\/\/www.frieslandhollandtravel.nl\/wp-content\/uploads\/2025\/06\/4bP8130338-Groot-1024x768-1-300x225.webp 300w, https:\/\/www.frieslandhollandtravel.nl\/wp-content\/uploads\/2025\/06\/4bP8130338-Groot-1024x768-1-768x576.webp 768w, https:\/\/www.frieslandhollandtravel.nl\/wp-content\/uploads\/2025\/06\/4bP8130338-Groot-1024x768-1-450x338.webp 450w, https:\/\/www.frieslandhollandtravel.nl\/wp-content\/uploads\/2025\/06\/4bP8130338-Groot-1024x768-1-600x450.webp 600w, https:\/\/www.frieslandhollandtravel.nl\/wp-content\/uploads\/2025\/06\/4bP8130338-Groot-1024x768-1.webp 1024w\" sizes=\"auto, (max-width: 300px) 100vw, 300px\" \/><\/div>\n<\/div>\n<div><\/div>\n<div>\n<div class=\"wp-block-image\"><img loading=\"lazy\" decoding=\"async\" class=\"wpa-warning wpa-image-missing-alt alignnone size-medium wp-image-45576\" src=\"https:\/\/www.frieslandhollandtravel.nl\/wp-content\/uploads\/2025\/06\/5aP8130559-Groot-225x300.webp\" alt=\"\" width=\"225\" height=\"300\" data-warning=\"Missing alt text\" srcset=\"https:\/\/www.frieslandhollandtravel.nl\/wp-content\/uploads\/2025\/06\/5aP8130559-Groot-225x300.webp 225w, https:\/\/www.frieslandhollandtravel.nl\/wp-content\/uploads\/2025\/06\/5aP8130559-Groot-773x1030.webp 773w, https:\/\/www.frieslandhollandtravel.nl\/wp-content\/uploads\/2025\/06\/5aP8130559-Groot-768x1024.webp 768w, https:\/\/www.frieslandhollandtravel.nl\/wp-content\/uploads\/2025\/06\/5aP8130559-Groot-450x600.webp 450w, https:\/\/www.frieslandhollandtravel.nl\/wp-content\/uploads\/2025\/06\/5aP8130559-Groot-600x800.webp 600w, https:\/\/www.frieslandhollandtravel.nl\/wp-content\/uploads\/2025\/06\/5aP8130559-Groot.webp 1080w\" sizes=\"auto, (max-width: 225px) 100vw, 225px\" \/><\/div>\n<\/div>\n<div><\/div>\n<div>\n<p data-start=\"72\" data-end=\"679\"><em>Zwei wundersch\u00f6ne rostbraune Riesenm\u00e4dchen, die eine etwas schlanker als die andere, blicken vom Seedeich in Holwert (Holwerd) bei der Pier zur F\u00e4hrterminal Holwert-Ameland hinaus \u00fcber das Wattenmeer \u2013 UNESCO-Weltnaturerbe.<\/em><br data-start=\"299\" data-end=\"302\" \/><em>Laut ihrem Sch\u00f6pfer, dem K\u00fcnstler Jan Ketelaar aus Drachten, sind es keine Singles, die hoffen, dass Neptun oder ein lediger Amel\u00e4nder sich in sie verliebt.<\/em><br data-start=\"462\" data-end=\"465\" \/><em>Nein \u2013 sie warten auf Hochwasser. Sie sind geduldige Typen, denn es kann bis zu sechs Stunden dauern, bis es soweit ist. Und anscheinend ist es ihnen nie hoch genug, denn sie stehen schon eine ganze Weile dort.<\/em><\/p>\n<p data-start=\"681\" data-end=\"1105\"><em>Die Damen wurden 2018, als Leeuwarden Europ\u00e4ische Kulturhauptstadt war \u2013 und ganz Friesland davon profitieren durfte \u2013 und 2019 aufgestellt. Zuerst die f\u00fclligere, ein Jahr sp\u00e4ter die schlankere.<\/em><br data-start=\"887\" data-end=\"890\" \/><em>Inzwischen sind sie zu ikonischen Figuren geworden: typisch friesische \u201eNa-los-damit!\u201c-Skulpturen aus Stahl. Kein k\u00fcnstlerischer Schnellschuss \u2013 Ketelaar arbeitete mit langen Pausen fast zehn Jahre an ihnen.<\/em><\/p>\n<p data-start=\"1107\" data-end=\"1409\"><em>Die beiden riesigen \u201eWeiber\u201c \u2013 jeweils f\u00fcnf Meter hoch \u2013 bestehen aus zusammengeschwei\u00dften St\u00e4ben. Die Zwischenr\u00e4ume wurden anschlie\u00dfend verschmolzen und bilden eine wellige, organische Struktur.<\/em><br data-start=\"1302\" data-end=\"1305\" \/><em>Werden sie hundert Jahre lang standhalten, in salziger Seeluft und bei Windst\u00e4rken von 10 oder mehr?<\/em><\/p>\n<p data-start=\"1411\" data-end=\"1433\"><em>Fotos: Albert Hendriks<\/em><\/p>\n<div class=\"wp-block-image\"><img loading=\"lazy\" decoding=\"async\" class=\"wpa-warning wpa-image-missing-alt alignnone size-medium wp-image-45579\" src=\"https:\/\/www.frieslandhollandtravel.nl\/wp-content\/uploads\/2025\/06\/5bP6160820-Groot-1024x768-1-300x225.webp\" alt=\"\" width=\"300\" height=\"225\" data-warning=\"Missing alt text\" srcset=\"https:\/\/www.frieslandhollandtravel.nl\/wp-content\/uploads\/2025\/06\/5bP6160820-Groot-1024x768-1-300x225.webp 300w, https:\/\/www.frieslandhollandtravel.nl\/wp-content\/uploads\/2025\/06\/5bP6160820-Groot-1024x768-1-768x576.webp 768w, https:\/\/www.frieslandhollandtravel.nl\/wp-content\/uploads\/2025\/06\/5bP6160820-Groot-1024x768-1-450x338.webp 450w, https:\/\/www.frieslandhollandtravel.nl\/wp-content\/uploads\/2025\/06\/5bP6160820-Groot-1024x768-1-600x450.webp 600w, https:\/\/www.frieslandhollandtravel.nl\/wp-content\/uploads\/2025\/06\/5bP6160820-Groot-1024x768-1.webp 1024w\" sizes=\"auto, (max-width: 300px) 100vw, 300px\" \/><\/div>\n<\/div>\n<div><\/div>\n<div>\n<div class=\"wp-block-image\"><img loading=\"lazy\" decoding=\"async\" class=\"wpa-warning wpa-image-missing-alt alignnone size-medium wp-image-45582\" src=\"https:\/\/www.frieslandhollandtravel.nl\/wp-content\/uploads\/2025\/06\/5cP6160818-Groot-1024x768-1-300x225.webp\" alt=\"\" width=\"300\" height=\"225\" data-warning=\"Missing alt text\" srcset=\"https:\/\/www.frieslandhollandtravel.nl\/wp-content\/uploads\/2025\/06\/5cP6160818-Groot-1024x768-1-300x225.webp 300w, https:\/\/www.frieslandhollandtravel.nl\/wp-content\/uploads\/2025\/06\/5cP6160818-Groot-1024x768-1-768x576.webp 768w, https:\/\/www.frieslandhollandtravel.nl\/wp-content\/uploads\/2025\/06\/5cP6160818-Groot-1024x768-1-450x338.webp 450w, https:\/\/www.frieslandhollandtravel.nl\/wp-content\/uploads\/2025\/06\/5cP6160818-Groot-1024x768-1-600x450.webp 600w, https:\/\/www.frieslandhollandtravel.nl\/wp-content\/uploads\/2025\/06\/5cP6160818-Groot-1024x768-1.webp 1024w\" sizes=\"auto, (max-width: 300px) 100vw, 300px\" \/><\/div>\n<\/div>\n<div><\/div>\n<div>\n<div class=\"wp-block-image\"><img loading=\"lazy\" decoding=\"async\" class=\"wpa-warning wpa-image-missing-alt alignnone size-medium wp-image-45585\" src=\"https:\/\/www.frieslandhollandtravel.nl\/wp-content\/uploads\/2025\/06\/6aIMG_0891-Groot-225x300.webp\" alt=\"\" width=\"225\" height=\"300\" data-warning=\"Missing alt text\" srcset=\"https:\/\/www.frieslandhollandtravel.nl\/wp-content\/uploads\/2025\/06\/6aIMG_0891-Groot-225x300.webp 225w, https:\/\/www.frieslandhollandtravel.nl\/wp-content\/uploads\/2025\/06\/6aIMG_0891-Groot-773x1030.webp 773w, https:\/\/www.frieslandhollandtravel.nl\/wp-content\/uploads\/2025\/06\/6aIMG_0891-Groot-768x1024.webp 768w, https:\/\/www.frieslandhollandtravel.nl\/wp-content\/uploads\/2025\/06\/6aIMG_0891-Groot-450x600.webp 450w, https:\/\/www.frieslandhollandtravel.nl\/wp-content\/uploads\/2025\/06\/6aIMG_0891-Groot-600x800.webp 600w, https:\/\/www.frieslandhollandtravel.nl\/wp-content\/uploads\/2025\/06\/6aIMG_0891-Groot.webp 1080w\" sizes=\"auto, (max-width: 225px) 100vw, 225px\" \/><\/div>\n<\/div>\n<div><\/div>\n<div>\n<p data-start=\"48\" data-end=\"603\"><em>Albert Hendriks aus Wolvega, Redakteur bei Jachtbouw Nederland und Fries Nieuws sowie Reisejournalist, nutzt einen Weinsberg CaraCompact Edition Pepper Camper als Reportagefahrzeug. Er und seine Frau erkunden besondere Urlaubsziele mit zwei Dutch ID Infinity E-Bikes, ausgestattet mit pannensicheren Schwalbe Marathon E-Plus Trekkingreifen. Dank der sportlichen Geometrie dieser in den Niederlanden hergestellten Fahrr\u00e4der, die bei Bike Totaal erh\u00e4ltlich sind, passen sie gut in die beidseitig gro\u00dfz\u00fcgig zug\u00e4ngliche Garage des Campers.<\/em><\/p>\n<p data-start=\"605\" data-end=\"853\"><em>Das Duo ist auf Facebook zu verfolgen unter:<\/em><br data-start=\"649\" data-end=\"652\" \/><em><a class=\"\" href=\"http:\/\/www.facebook.com\/friesnieuws\" target=\"_new\" rel=\"noopener\" data-start=\"652\" data-end=\"719\">www.facebook.com\/friesnieuws<\/a>,<\/em><br data-start=\"720\" data-end=\"723\" \/><em><a class=\"\" href=\"http:\/\/www.facebook.com\/frieslandtravel\" target=\"_new\" rel=\"noopener\" data-start=\"723\" data-end=\"798\">www.facebook.com\/frieslandtravel<\/a> und<\/em><br data-start=\"802\" data-end=\"805\" \/><em><a class=\"\" href=\"http:\/\/www.friesnieuws.nl\" target=\"_new\" rel=\"noopener\" data-start=\"805\" data-end=\"852\">www.friesnieuws.nl<\/a>.<\/em><\/p>\n<p data-start=\"855\" data-end=\"1551\"><em>Hendriks h\u00e4lt die Elf-St\u00e4dte-Fahrradtour, inklusive eines Tagesausflugs nach Ameland von den Ferienunterk\u00fcnften Zee van Tijd in Holwert, das an der Elf-St\u00e4dte-Fahrradroute liegt, f\u00fcr die Tour der Touren:<\/em><br data-start=\"1064\" data-end=\"1067\" \/><em>\u201eEs ist das ultimative Friesland-Erlebnis mit gleich zweimal UNESCO-Welterbe: das Eise Eisinga Planetarium im monumentalen Franeker und das Wattenmeer. Die \u00dcberfahrt von Holwert nach Ameland ist \u00fcbrigens kein Muss, denn ein Blick \u00fcber den Seedeich bei Holwert und ein Besuch am Ende der Pier im Wattenmeer, dort wo die F\u00e4hre ablegt und ankommt, sind schon ziemlich spektakul\u00e4r. Aber ehrlich gesagt \u2013 eine Fahrradtour auf der Insel ist unvergesslich. Ganz anders als auf dem Festland.\u201c<\/em><\/p>\n<div class=\"wp-block-image\"><img loading=\"lazy\" decoding=\"async\" class=\"wpa-warning wpa-image-missing-alt alignnone size-medium wp-image-45591\" src=\"https:\/\/www.frieslandhollandtravel.nl\/wp-content\/uploads\/2025\/06\/6cIMG_6945-1-Groot-225x300.webp\" alt=\"\" width=\"225\" height=\"300\" data-warning=\"Missing alt text\" srcset=\"https:\/\/www.frieslandhollandtravel.nl\/wp-content\/uploads\/2025\/06\/6cIMG_6945-1-Groot-225x300.webp 225w, https:\/\/www.frieslandhollandtravel.nl\/wp-content\/uploads\/2025\/06\/6cIMG_6945-1-Groot-773x1030.webp 773w, https:\/\/www.frieslandhollandtravel.nl\/wp-content\/uploads\/2025\/06\/6cIMG_6945-1-Groot-768x1024.webp 768w, https:\/\/www.frieslandhollandtravel.nl\/wp-content\/uploads\/2025\/06\/6cIMG_6945-1-Groot-450x600.webp 450w, https:\/\/www.frieslandhollandtravel.nl\/wp-content\/uploads\/2025\/06\/6cIMG_6945-1-Groot-600x800.webp 600w, https:\/\/www.frieslandhollandtravel.nl\/wp-content\/uploads\/2025\/06\/6cIMG_6945-1-Groot.webp 1080w\" sizes=\"auto, (max-width: 225px) 100vw, 225px\" \/><\/div>\n<\/div>\n<div><\/div>\n<div>\n<div class=\"wp-block-image\"><img loading=\"lazy\" decoding=\"async\" class=\"wpa-warning wpa-image-missing-alt alignnone size-medium wp-image-45591\" src=\"https:\/\/www.frieslandhollandtravel.nl\/wp-content\/uploads\/2025\/06\/6cIMG_6945-1-Groot-225x300.webp\" alt=\"\" width=\"225\" height=\"300\" data-warning=\"Missing alt text\" srcset=\"https:\/\/www.frieslandhollandtravel.nl\/wp-content\/uploads\/2025\/06\/6cIMG_6945-1-Groot-225x300.webp 225w, https:\/\/www.frieslandhollandtravel.nl\/wp-content\/uploads\/2025\/06\/6cIMG_6945-1-Groot-773x1030.webp 773w, https:\/\/www.frieslandhollandtravel.nl\/wp-content\/uploads\/2025\/06\/6cIMG_6945-1-Groot-768x1024.webp 768w, https:\/\/www.frieslandhollandtravel.nl\/wp-content\/uploads\/2025\/06\/6cIMG_6945-1-Groot-450x600.webp 450w, https:\/\/www.frieslandhollandtravel.nl\/wp-content\/uploads\/2025\/06\/6cIMG_6945-1-Groot-600x800.webp 600w, https:\/\/www.frieslandhollandtravel.nl\/wp-content\/uploads\/2025\/06\/6cIMG_6945-1-Groot.webp 1080w\" sizes=\"auto, (max-width: 225px) 100vw, 225px\" \/><\/div>\n<\/div>\n","protected":false},"excerpt":{"rendered":"<p>Von Redakteur Albert Hendriks, 25. Juni 2025 HOLWERT AN DER WATTENMEERK\u00dcSTE (NL) \u2013 Die Bewegungen rund um das F\u00e4hrterminal Holwert-Ameland der Wagenborg Passagiersdiensten auf dem Pier von Holwert (fr\u00fcher im Niederl\u00e4ndischen: Holwerd) sind eine Sehensw\u00fcrdigkeit f\u00fcr Urlauber auf dem Festland, etwa f\u00fcr die Camper auf dem Campingplatz Zee van Tijd. Ob Wohnmobilreisende, Mieter eines Glampingzelts&hellip; <a class=\"continue\" href=\"https:\/\/www.frieslandhollandtravel.nl\/de\/nachrichten\/fahrradurlaub-des-jahres-2025-elf-staedte-tour-mit-ameland\/\">Lees meer<span> Fahrradurlaub des Jahres 2025: Elf-St\u00e4dte-Tour mit Ameland!<\/span><\/a><\/p>\n","protected":false},"author":3,"featured_media":45540,"comment_status":"closed","ping_status":"closed","sticky":false,"template":"","format":"standard","meta":{"_acf_changed":false,"wds_primary_category":0,"footnotes":""},"categories":[174],"tags":[],"class_list":["post-45600","post","type-post","status-publish","format-standard","has-post-thumbnail","hentry","category-nachrichten"],"acf":[],"_links":{"self":[{"href":"https:\/\/www.frieslandhollandtravel.nl\/de\/wp-json\/wp\/v2\/posts\/45600","targetHints":{"allow":["GET"]}}],"collection":[{"href":"https:\/\/www.frieslandhollandtravel.nl\/de\/wp-json\/wp\/v2\/posts"}],"about":[{"href":"https:\/\/www.frieslandhollandtravel.nl\/de\/wp-json\/wp\/v2\/types\/post"}],"author":[{"embeddable":true,"href":"https:\/\/www.frieslandhollandtravel.nl\/de\/wp-json\/wp\/v2\/users\/3"}],"replies":[{"embeddable":true,"href":"https:\/\/www.frieslandhollandtravel.nl\/de\/wp-json\/wp\/v2\/comments?post=45600"}],"version-history":[{"count":0,"href":"https:\/\/www.frieslandhollandtravel.nl\/de\/wp-json\/wp\/v2\/posts\/45600\/revisions"}],"wp:featuredmedia":[{"embeddable":true,"href":"https:\/\/www.frieslandhollandtravel.nl\/de\/wp-json\/wp\/v2\/media\/45540"}],"wp:attachment":[{"href":"https:\/\/www.frieslandhollandtravel.nl\/de\/wp-json\/wp\/v2\/media?parent=45600"}],"wp:term":[{"taxonomy":"category","embeddable":true,"href":"https:\/\/www.frieslandhollandtravel.nl\/de\/wp-json\/wp\/v2\/categories?post=45600"},{"taxonomy":"post_tag","embeddable":true,"href":"https:\/\/www.frieslandhollandtravel.nl\/de\/wp-json\/wp\/v2\/tags?post=45600"}],"curies":[{"name":"wp","href":"https:\/\/api.w.org\/{rel}","templated":true}]}}