{"id":45697,"date":"2025-06-29T22:45:28","date_gmt":"2025-06-29T20:45:28","guid":{"rendered":"https:\/\/www.frieslandhollandtravel.nl\/?p=45697"},"modified":"2025-06-29T22:51:11","modified_gmt":"2025-06-29T20:51:11","slug":"tag-2-ein-goldener-tag-zwischen-dem-ijsselmeer-und-der-elf-staedte-route","status":"publish","type":"post","link":"https:\/\/www.frieslandhollandtravel.nl\/de\/nachrichten\/tag-2-ein-goldener-tag-zwischen-dem-ijsselmeer-und-der-elf-staedte-route\/","title":{"rendered":"Tag 2 \u2013 Ein goldener Tag zwischen dem IJsselmeer und der Elf-St\u00e4dte-Route"},"content":{"rendered":"<p data-start=\"146\" data-end=\"383\">Heute begann unsere Elf-St\u00e4dte-Tour so richtig. Von Rijs aus radelten wir rund 50 Kilometer in Richtung Workum \u2013 eine Etappe, die sich wie eine Reise durch Zeit und Landschaft anf\u00fchlte. Friesland zeigte sich von seiner allerbesten Seite.<\/p>\n<p data-start=\"385\" data-end=\"731\">Wir starteten gem\u00fctlich in den Tag. Die Sonne stand noch tief, der Himmel war klar, und die Stimmung in der Gruppe war bestens. Unser erster Halt: <strong data-start=\"532\" data-end=\"542\">Laaxum<\/strong>, der kleinste Fischereihafen Europas. Einige wettergegerbte H\u00e4uschen, ein alter Kutter am Kai, eine wehende friesische Flagge und der weite Blick \u00fcber das IJsselmeer \u2013 einfach wundersch\u00f6n!<\/p>\n<div class=\"wp-block-image\"><img loading=\"lazy\" decoding=\"async\" class=\"wpa-warning wpa-image-missing-alt alignnone size-medium wp-image-45674\" src=\"https:\/\/www.frieslandhollandtravel.nl\/wp-content\/uploads\/2025\/06\/IMG_7474-225x300.jpg\" alt=\"\" width=\"225\" height=\"300\" data-warning=\"Missing alt text\" srcset=\"https:\/\/www.frieslandhollandtravel.nl\/wp-content\/uploads\/2025\/06\/IMG_7474-225x300.jpg 225w, https:\/\/www.frieslandhollandtravel.nl\/wp-content\/uploads\/2025\/06\/IMG_7474-773x1030.jpg 773w, https:\/\/www.frieslandhollandtravel.nl\/wp-content\/uploads\/2025\/06\/IMG_7474-768x1024.jpg 768w, https:\/\/www.frieslandhollandtravel.nl\/wp-content\/uploads\/2025\/06\/IMG_7474-1152x1536.jpg 1152w, https:\/\/www.frieslandhollandtravel.nl\/wp-content\/uploads\/2025\/06\/IMG_7474-scaled.jpg 1536w, https:\/\/www.frieslandhollandtravel.nl\/wp-content\/uploads\/2025\/06\/IMG_7474-450x600.jpg 450w, https:\/\/www.frieslandhollandtravel.nl\/wp-content\/uploads\/2025\/06\/IMG_7474-600x800.jpg 600w\" sizes=\"auto, (max-width: 225px) 100vw, 225px\" \/><\/div>\n<div><\/div>\n<div>\n<div class=\"wp-block-image\"><img loading=\"lazy\" decoding=\"async\" class=\"wpa-warning wpa-image-missing-alt alignnone size-medium wp-image-45671\" src=\"https:\/\/www.frieslandhollandtravel.nl\/wp-content\/uploads\/2025\/06\/IMG_7472-1-300x225.jpg\" alt=\"\" width=\"300\" height=\"225\" data-warning=\"Missing alt text\" srcset=\"https:\/\/www.frieslandhollandtravel.nl\/wp-content\/uploads\/2025\/06\/IMG_7472-1-300x225.jpg 300w, https:\/\/www.frieslandhollandtravel.nl\/wp-content\/uploads\/2025\/06\/IMG_7472-1-1030x773.jpg 1030w, https:\/\/www.frieslandhollandtravel.nl\/wp-content\/uploads\/2025\/06\/IMG_7472-1-768x576.jpg 768w, https:\/\/www.frieslandhollandtravel.nl\/wp-content\/uploads\/2025\/06\/IMG_7472-1-1536x1152.jpg 1536w, https:\/\/www.frieslandhollandtravel.nl\/wp-content\/uploads\/2025\/06\/IMG_7472-1-scaled.jpg 2048w, https:\/\/www.frieslandhollandtravel.nl\/wp-content\/uploads\/2025\/06\/IMG_7472-1-450x338.jpg 450w, https:\/\/www.frieslandhollandtravel.nl\/wp-content\/uploads\/2025\/06\/IMG_7472-1-600x450.jpg 600w\" sizes=\"auto, (max-width: 300px) 100vw, 300px\" \/><\/div>\n<\/div>\n<div><\/div>\n<div>\n<div class=\"wp-block-image\"><img loading=\"lazy\" decoding=\"async\" class=\"wpa-warning wpa-image-missing-alt alignnone size-medium wp-image-45674\" src=\"https:\/\/www.frieslandhollandtravel.nl\/wp-content\/uploads\/2025\/06\/IMG_7474-225x300.jpg\" alt=\"\" width=\"225\" height=\"300\" data-warning=\"Missing alt text\" srcset=\"https:\/\/www.frieslandhollandtravel.nl\/wp-content\/uploads\/2025\/06\/IMG_7474-225x300.jpg 225w, https:\/\/www.frieslandhollandtravel.nl\/wp-content\/uploads\/2025\/06\/IMG_7474-773x1030.jpg 773w, https:\/\/www.frieslandhollandtravel.nl\/wp-content\/uploads\/2025\/06\/IMG_7474-768x1024.jpg 768w, https:\/\/www.frieslandhollandtravel.nl\/wp-content\/uploads\/2025\/06\/IMG_7474-1152x1536.jpg 1152w, https:\/\/www.frieslandhollandtravel.nl\/wp-content\/uploads\/2025\/06\/IMG_7474-scaled.jpg 1536w, https:\/\/www.frieslandhollandtravel.nl\/wp-content\/uploads\/2025\/06\/IMG_7474-450x600.jpg 450w, https:\/\/www.frieslandhollandtravel.nl\/wp-content\/uploads\/2025\/06\/IMG_7474-600x800.jpg 600w\" sizes=\"auto, (max-width: 225px) 100vw, 225px\" \/><\/div>\n<\/div>\n<p data-start=\"733\" data-end=\"1086\">Nicht viel sp\u00e4ter standen wir auf dem <strong data-start=\"771\" data-end=\"785\">Roode Klif<\/strong>, beim <strong data-start=\"792\" data-end=\"811\">Warnser Denkmal<\/strong>. Hier besiegten die Friesen im Jahr 1345 das Heer des Grafen Wilhelm IV. von Holland. Die Inschrift <em data-start=\"912\" data-end=\"935\">\u201eLeaver dea as slaef\u201c<\/em> (\u201eLieber tot als Sklave\u201c) ist mehr als nur ein Spruch in Stein \u2013 sie ber\u00fchrt und bleibt im Ged\u00e4chtnis, besonders mit dem weiten Blick \u00fcber das Wasser.<\/p>\n<p data-start=\"1088\" data-end=\"1246\">Dann fuhren wir weiter nach <strong data-start=\"1116\" data-end=\"1128\">Stavoren<\/strong>, der \u00e4ltesten Stadt Frieslands. Dort erz\u00e4hlte ich am Hafen beim Standbild der Frau von Stavoren die bekannte Legende:<\/p>\n<blockquote data-start=\"1248\" data-end=\"1738\">\n<p data-start=\"1250\" data-end=\"1738\">Einst war sie die reichste Kaufmannswitwe der Stadt. Sie wollte nicht nur Reichtum, sondern das Kostbarste, was es gibt. Also schickte sie ein Schiff hinaus, das mit Weizen zur\u00fcckkehrte. \u201eWas soll ich mit Nahrung f\u00fcr gew\u00f6hnliche Leute?\u201c, rief sie und warf das Getreide ins Meer. Kurz darauf verlor sie alles \u2013 ihr Verm\u00f6gen, ihren Status, ihr Ansehen. Der Hafen versandete, ihre H\u00e4user verfielen, und sie endete als Bettlerin. Eine alte Geschichte \u00fcber Hochmut, die bis heute erz\u00e4hlt wird.<\/p>\n<\/blockquote>\n<div class=\"wp-block-image\"><img loading=\"lazy\" decoding=\"async\" class=\"wpa-warning wpa-image-missing-alt alignnone size-medium wp-image-45677\" src=\"https:\/\/www.frieslandhollandtravel.nl\/wp-content\/uploads\/2025\/06\/IMG_7479-300x225.jpg\" alt=\"\" width=\"300\" height=\"225\" data-warning=\"Missing alt text\" srcset=\"https:\/\/www.frieslandhollandtravel.nl\/wp-content\/uploads\/2025\/06\/IMG_7479-300x225.jpg 300w, https:\/\/www.frieslandhollandtravel.nl\/wp-content\/uploads\/2025\/06\/IMG_7479-1030x773.jpg 1030w, https:\/\/www.frieslandhollandtravel.nl\/wp-content\/uploads\/2025\/06\/IMG_7479-768x576.jpg 768w, https:\/\/www.frieslandhollandtravel.nl\/wp-content\/uploads\/2025\/06\/IMG_7479-1536x1152.jpg 1536w, https:\/\/www.frieslandhollandtravel.nl\/wp-content\/uploads\/2025\/06\/IMG_7479-scaled.jpg 2048w, https:\/\/www.frieslandhollandtravel.nl\/wp-content\/uploads\/2025\/06\/IMG_7479-450x338.jpg 450w, https:\/\/www.frieslandhollandtravel.nl\/wp-content\/uploads\/2025\/06\/IMG_7479-600x450.jpg 600w\" sizes=\"auto, (max-width: 300px) 100vw, 300px\" \/><\/div>\n<p data-start=\"1740\" data-end=\"2033\">Nach einer kurzen Pause radelten wir weiter nach <strong data-start=\"1789\" data-end=\"1804\">Hindeloopen<\/strong>, ein malerisches St\u00e4dtchen mit engen Gassen, farbenfrohen H\u00e4usern und viel Geschichte. Wir machten gemeinsam einen kleinen Rundgang und a\u00dfen zu Mittag. Die Stimmung war gelassen, interessiert und sp\u00fcrbar vertrauter als gisteren.<\/p>\n<div class=\"wp-block-image\"><img loading=\"lazy\" decoding=\"async\" class=\"wpa-warning wpa-image-missing-alt alignnone size-medium wp-image-45680\" src=\"https:\/\/www.frieslandhollandtravel.nl\/wp-content\/uploads\/2025\/06\/IMG_7500-300x225.jpg\" alt=\"\" width=\"300\" height=\"225\" data-warning=\"Missing alt text\" srcset=\"https:\/\/www.frieslandhollandtravel.nl\/wp-content\/uploads\/2025\/06\/IMG_7500-300x225.jpg 300w, https:\/\/www.frieslandhollandtravel.nl\/wp-content\/uploads\/2025\/06\/IMG_7500-1030x773.jpg 1030w, https:\/\/www.frieslandhollandtravel.nl\/wp-content\/uploads\/2025\/06\/IMG_7500-768x576.jpg 768w, https:\/\/www.frieslandhollandtravel.nl\/wp-content\/uploads\/2025\/06\/IMG_7500-1536x1152.jpg 1536w, https:\/\/www.frieslandhollandtravel.nl\/wp-content\/uploads\/2025\/06\/IMG_7500-scaled.jpg 2048w, https:\/\/www.frieslandhollandtravel.nl\/wp-content\/uploads\/2025\/06\/IMG_7500-450x338.jpg 450w, https:\/\/www.frieslandhollandtravel.nl\/wp-content\/uploads\/2025\/06\/IMG_7500-600x450.jpg 600w\" sizes=\"auto, (max-width: 300px) 100vw, 300px\" \/><\/div>\n<div><\/div>\n<div>\n<div class=\"wp-block-image\"><img loading=\"lazy\" decoding=\"async\" class=\"wpa-warning wpa-image-missing-alt alignnone size-medium wp-image-45689\" src=\"https:\/\/www.frieslandhollandtravel.nl\/wp-content\/uploads\/2025\/06\/IMG_7524-300x225.jpg\" alt=\"\" width=\"300\" height=\"225\" data-warning=\"Missing alt text\" srcset=\"https:\/\/www.frieslandhollandtravel.nl\/wp-content\/uploads\/2025\/06\/IMG_7524-300x225.jpg 300w, https:\/\/www.frieslandhollandtravel.nl\/wp-content\/uploads\/2025\/06\/IMG_7524-1030x773.jpg 1030w, https:\/\/www.frieslandhollandtravel.nl\/wp-content\/uploads\/2025\/06\/IMG_7524-768x576.jpg 768w, https:\/\/www.frieslandhollandtravel.nl\/wp-content\/uploads\/2025\/06\/IMG_7524-1536x1152.jpg 1536w, https:\/\/www.frieslandhollandtravel.nl\/wp-content\/uploads\/2025\/06\/IMG_7524-scaled.jpg 2048w, https:\/\/www.frieslandhollandtravel.nl\/wp-content\/uploads\/2025\/06\/IMG_7524-450x338.jpg 450w, https:\/\/www.frieslandhollandtravel.nl\/wp-content\/uploads\/2025\/06\/IMG_7524-600x450.jpg 600w\" sizes=\"auto, (max-width: 300px) 100vw, 300px\" \/><\/div>\n<\/div>\n<div><\/div>\n<div>\n<div class=\"wp-block-image\"><img loading=\"lazy\" decoding=\"async\" class=\"wpa-warning wpa-image-missing-alt alignnone size-medium wp-image-45692\" src=\"https:\/\/www.frieslandhollandtravel.nl\/wp-content\/uploads\/2025\/06\/IMG_7526-300x225.jpg\" alt=\"\" width=\"300\" height=\"225\" data-warning=\"Missing alt text\" srcset=\"https:\/\/www.frieslandhollandtravel.nl\/wp-content\/uploads\/2025\/06\/IMG_7526-300x225.jpg 300w, https:\/\/www.frieslandhollandtravel.nl\/wp-content\/uploads\/2025\/06\/IMG_7526-1030x773.jpg 1030w, https:\/\/www.frieslandhollandtravel.nl\/wp-content\/uploads\/2025\/06\/IMG_7526-768x576.jpg 768w, https:\/\/www.frieslandhollandtravel.nl\/wp-content\/uploads\/2025\/06\/IMG_7526-1536x1152.jpg 1536w, https:\/\/www.frieslandhollandtravel.nl\/wp-content\/uploads\/2025\/06\/IMG_7526-scaled.jpg 2048w, https:\/\/www.frieslandhollandtravel.nl\/wp-content\/uploads\/2025\/06\/IMG_7526-450x338.jpg 450w, https:\/\/www.frieslandhollandtravel.nl\/wp-content\/uploads\/2025\/06\/IMG_7526-600x450.jpg 600w\" sizes=\"auto, (max-width: 300px) 100vw, 300px\" \/><\/div>\n<\/div>\n<p data-start=\"2035\" data-end=\"2393\">Am Nachmittag f\u00fchrte uns die Route durch das weite <strong data-start=\"2086\" data-end=\"2103\">It Heidenskip<\/strong> \u2013 ein stilles Stra\u00dfendorf zwischen Wiesen, Kan\u00e4len und Vogelstimmen. Hier zeigt sich Friesland von seiner urspr\u00fcnglichsten Seite: kein Verkehr, nur das leise Surren der Fahrradketten, der Ruf eines Kiebitzes oder einer Uferschnepfe \u2013 und zwischendurch ein ehrliches \u201eSchau dir das mal an!\u201c<\/p>\n<p data-start=\"2395\" data-end=\"2874\">Die letzten Kilometer nach <strong data-start=\"2422\" data-end=\"2432\">Workum<\/strong> waren vielleicht die sch\u00f6nsten des Tages. Ein autofreier Radweg schl\u00e4ngelte sich zwischen alten Bauernh\u00f6fen, Wasserl\u00e4ufen und Schilf hindurch, w\u00e4hrend am Horizont schon der Turm der Sint-Gertrudis-Kirche zu sehen war. Doch kurz vor dem Ziel \u2013 ein kleiner Zwischenfall: <strong data-start=\"2702\" data-end=\"2724\">ein platter Reifen<\/strong>! Sofort formierte sich eine kleine Truppe zur mobilen Werkstatt, und mit ein paar geschickten H\u00e4nden und guter Laune waren wir bald wieder unterwegs.<\/p>\n<p data-start=\"2876\" data-end=\"3062\">Am sp\u00e4ten Nachmittag kamen wir in Workum an und checkten im Hotel ein. Die Beine waren m\u00fcde, aber die Laune bestens. Ein gro\u00dfartiger Tag \u2013 voller Eindr\u00fccke, Geschichten und Gemeinschaft.<\/p>\n<p data-start=\"3064\" data-end=\"3183\">Morgen erwartet uns eine l\u00e4ngere Etappe: \u00fcber IJlst, Bolsward, Harlingen und Franeker nach Leeuwarden. Wir sind bereit!<\/p>\n<p data-start=\"3185\" data-end=\"3227\">\u2013 <strong data-start=\"3187\" data-end=\"3196\">Sytze<\/strong><br data-start=\"3196\" data-end=\"3199\" \/><strong data-start=\"3199\" data-end=\"3227\">Friesland Holland Travel<\/strong><\/p>\n<p data-start=\"3229\" data-end=\"3338\">\ud83c\udf10 <a class=\"\" href=\"http:\/\/www.frieslandhollandtravel.nl\" target=\"_new\" rel=\"noopener\" data-start=\"3232\" data-end=\"3301\">www.frieslandhollandtravel.nl<\/a><br data-start=\"3301\" data-end=\"3304\" \/>\u2709\ufe0f <a class=\"cursor-pointer\" rel=\"noopener\" data-start=\"3307\" data-end=\"3338\">info@frieslandhollandtravel.com<\/a><\/p>\n","protected":false},"excerpt":{"rendered":"<p>Heute begann unsere Elf-St\u00e4dte-Tour so richtig. Von Rijs aus radelten wir rund 50 Kilometer in Richtung Workum \u2013 eine Etappe, die sich wie eine Reise durch Zeit und Landschaft anf\u00fchlte. Friesland zeigte sich von seiner allerbesten Seite. Wir starteten gem\u00fctlich in den Tag. Die Sonne stand noch tief, der Himmel war klar, und die Stimmung&hellip; <a class=\"continue\" href=\"https:\/\/www.frieslandhollandtravel.nl\/de\/nachrichten\/tag-2-ein-goldener-tag-zwischen-dem-ijsselmeer-und-der-elf-staedte-route\/\">Lees meer<span> Tag 2 \u2013 Ein goldener Tag zwischen dem IJsselmeer und der Elf-St\u00e4dte-Route<\/span><\/a><\/p>\n","protected":false},"author":3,"featured_media":45692,"comment_status":"closed","ping_status":"closed","sticky":false,"template":"","format":"standard","meta":{"_acf_changed":false,"wds_primary_category":0,"footnotes":""},"categories":[174],"tags":[],"class_list":["post-45697","post","type-post","status-publish","format-standard","has-post-thumbnail","hentry","category-nachrichten"],"acf":[],"_links":{"self":[{"href":"https:\/\/www.frieslandhollandtravel.nl\/de\/wp-json\/wp\/v2\/posts\/45697","targetHints":{"allow":["GET"]}}],"collection":[{"href":"https:\/\/www.frieslandhollandtravel.nl\/de\/wp-json\/wp\/v2\/posts"}],"about":[{"href":"https:\/\/www.frieslandhollandtravel.nl\/de\/wp-json\/wp\/v2\/types\/post"}],"author":[{"embeddable":true,"href":"https:\/\/www.frieslandhollandtravel.nl\/de\/wp-json\/wp\/v2\/users\/3"}],"replies":[{"embeddable":true,"href":"https:\/\/www.frieslandhollandtravel.nl\/de\/wp-json\/wp\/v2\/comments?post=45697"}],"version-history":[{"count":0,"href":"https:\/\/www.frieslandhollandtravel.nl\/de\/wp-json\/wp\/v2\/posts\/45697\/revisions"}],"wp:featuredmedia":[{"embeddable":true,"href":"https:\/\/www.frieslandhollandtravel.nl\/de\/wp-json\/wp\/v2\/media\/45692"}],"wp:attachment":[{"href":"https:\/\/www.frieslandhollandtravel.nl\/de\/wp-json\/wp\/v2\/media?parent=45697"}],"wp:term":[{"taxonomy":"category","embeddable":true,"href":"https:\/\/www.frieslandhollandtravel.nl\/de\/wp-json\/wp\/v2\/categories?post=45697"},{"taxonomy":"post_tag","embeddable":true,"href":"https:\/\/www.frieslandhollandtravel.nl\/de\/wp-json\/wp\/v2\/tags?post=45697"}],"curies":[{"name":"wp","href":"https:\/\/api.w.org\/{rel}","templated":true}]}}