{"id":45758,"date":"2025-06-30T21:39:31","date_gmt":"2025-06-30T19:39:31","guid":{"rendered":"https:\/\/www.frieslandhollandtravel.nl\/?p=45758"},"modified":"2025-06-30T21:47:33","modified_gmt":"2025-06-30T19:47:33","slug":"tag-3-zwischen-den-elf-staedten-und-dem-schwert-von-grutte-pier","status":"publish","type":"post","link":"https:\/\/www.frieslandhollandtravel.nl\/de\/nachrichten\/tag-3-zwischen-den-elf-staedten-und-dem-schwert-von-grutte-pier\/","title":{"rendered":"Tag 3: Zwischen den Elf St\u00e4dten und dem Schwert von Grutte Pier"},"content":{"rendered":"<p data-start=\"48\" data-end=\"355\">Wir begannen den Tag in Workum, wo die Morgensonne sanft \u00fcber der Stadt lag \u2013 ein vielversprechender Start in eine lange, aber sch\u00f6ne Etappe von 85 Kilometern. Nach einem kr\u00e4ftigen Fr\u00fchst\u00fcck und dem Durchgehen der Route stiegen wir aufs Rad, bereit f\u00fcr einen Tag voller Natur, Kultur und friesischem Charme.<\/p>\n<p data-start=\"357\" data-end=\"773\">Die ersten Kilometer f\u00fchrten uns durch die wasserreiche Landschaft der Alde Brekken und der Aldegeaster Brekken \u2013 ein wundersch\u00f6nes Gebiet mit offenem Wasser, Schilfg\u00fcrteln und weiten Ausblicken. Hier radelten wir wirklich mitten in der Natur: Ruhe, Weite und das st\u00e4ndige Rufen der Wiesenv\u00f6gel um uns herum. Wir nahmen uns die Zeit, kurz abzusteigen, die Aussicht zu genie\u00dfen und nat\u00fcrlich ein paar Fotos zu machen.<\/p>\n<div class=\"wp-block-image\"><img loading=\"lazy\" decoding=\"async\" class=\"wpa-warning wpa-image-missing-alt alignnone size-medium wp-image-45743\" src=\"https:\/\/www.frieslandhollandtravel.nl\/wp-content\/uploads\/2025\/06\/IMG_7544-1-225x300.jpg\" alt=\"\" width=\"225\" height=\"300\" data-warning=\"Missing alt text\" srcset=\"https:\/\/www.frieslandhollandtravel.nl\/wp-content\/uploads\/2025\/06\/IMG_7544-1-225x300.jpg 225w, https:\/\/www.frieslandhollandtravel.nl\/wp-content\/uploads\/2025\/06\/IMG_7544-1-773x1030.jpg 773w, https:\/\/www.frieslandhollandtravel.nl\/wp-content\/uploads\/2025\/06\/IMG_7544-1-768x1024.jpg 768w, https:\/\/www.frieslandhollandtravel.nl\/wp-content\/uploads\/2025\/06\/IMG_7544-1-1152x1536.jpg 1152w, https:\/\/www.frieslandhollandtravel.nl\/wp-content\/uploads\/2025\/06\/IMG_7544-1-scaled.jpg 1536w, https:\/\/www.frieslandhollandtravel.nl\/wp-content\/uploads\/2025\/06\/IMG_7544-1-450x600.jpg 450w, https:\/\/www.frieslandhollandtravel.nl\/wp-content\/uploads\/2025\/06\/IMG_7544-1-600x800.jpg 600w\" sizes=\"auto, (max-width: 225px) 100vw, 225px\" \/><\/div>\n<div><\/div>\n<div>\n<div class=\"wp-block-image\"><img loading=\"lazy\" decoding=\"async\" class=\"wpa-warning wpa-image-missing-alt alignnone size-medium wp-image-45737\" src=\"https:\/\/www.frieslandhollandtravel.nl\/wp-content\/uploads\/2025\/06\/497792177_1431159881590851_5657182195612759271_n-300x169.jpg\" alt=\"\" width=\"300\" height=\"169\" data-warning=\"Missing alt text\" srcset=\"https:\/\/www.frieslandhollandtravel.nl\/wp-content\/uploads\/2025\/06\/497792177_1431159881590851_5657182195612759271_n-300x169.jpg 300w, https:\/\/www.frieslandhollandtravel.nl\/wp-content\/uploads\/2025\/06\/497792177_1431159881590851_5657182195612759271_n-1030x580.jpg 1030w, https:\/\/www.frieslandhollandtravel.nl\/wp-content\/uploads\/2025\/06\/497792177_1431159881590851_5657182195612759271_n-768x432.jpg 768w, https:\/\/www.frieslandhollandtravel.nl\/wp-content\/uploads\/2025\/06\/497792177_1431159881590851_5657182195612759271_n-1536x865.jpg 1536w, https:\/\/www.frieslandhollandtravel.nl\/wp-content\/uploads\/2025\/06\/497792177_1431159881590851_5657182195612759271_n-450x253.jpg 450w, https:\/\/www.frieslandhollandtravel.nl\/wp-content\/uploads\/2025\/06\/497792177_1431159881590851_5657182195612759271_n-600x338.jpg 600w, https:\/\/www.frieslandhollandtravel.nl\/wp-content\/uploads\/2025\/06\/497792177_1431159881590851_5657182195612759271_n.jpg 2048w\" sizes=\"auto, (max-width: 300px) 100vw, 300px\" \/><\/div>\n<\/div>\n<p data-start=\"775\" data-end=\"1075\">\u00dcber schmale Pfade ging es weiter Richtung IJlst, bekannt f\u00fcr seine charakteristischen \u201eOvertuinen\u201c entlang der Gracht. Hier machten wir einen kurzen Stopp, besuchten den Brunnen, holten uns einen Stempel f\u00fcr die Stempelkarte und fotografierten die S\u00e4gem\u00fchle und die Overtuinen \u2013 alles typisch IJlst.<\/p>\n<div class=\"wp-block-image\"><img loading=\"lazy\" decoding=\"async\" class=\"wpa-warning wpa-image-missing-alt alignnone size-medium wp-image-45749\" src=\"https:\/\/www.frieslandhollandtravel.nl\/wp-content\/uploads\/2025\/06\/IMG_7549-300x225.jpg\" alt=\"\" width=\"300\" height=\"225\" data-warning=\"Missing alt text\" srcset=\"https:\/\/www.frieslandhollandtravel.nl\/wp-content\/uploads\/2025\/06\/IMG_7549-300x225.jpg 300w, https:\/\/www.frieslandhollandtravel.nl\/wp-content\/uploads\/2025\/06\/IMG_7549-1030x773.jpg 1030w, https:\/\/www.frieslandhollandtravel.nl\/wp-content\/uploads\/2025\/06\/IMG_7549-768x576.jpg 768w, https:\/\/www.frieslandhollandtravel.nl\/wp-content\/uploads\/2025\/06\/IMG_7549-1536x1152.jpg 1536w, https:\/\/www.frieslandhollandtravel.nl\/wp-content\/uploads\/2025\/06\/IMG_7549-scaled.jpg 2048w, https:\/\/www.frieslandhollandtravel.nl\/wp-content\/uploads\/2025\/06\/IMG_7549-450x338.jpg 450w, https:\/\/www.frieslandhollandtravel.nl\/wp-content\/uploads\/2025\/06\/IMG_7549-600x450.jpg 600w\" sizes=\"auto, (max-width: 300px) 100vw, 300px\" \/><\/div>\n<div><\/div>\n<div>\n<div class=\"wp-block-image\"><img loading=\"lazy\" decoding=\"async\" class=\"wpa-warning wpa-image-missing-alt alignnone size-medium wp-image-45746\" src=\"https:\/\/www.frieslandhollandtravel.nl\/wp-content\/uploads\/2025\/06\/IMG_7546-225x300.jpg\" alt=\"\" width=\"225\" height=\"300\" data-warning=\"Missing alt text\" srcset=\"https:\/\/www.frieslandhollandtravel.nl\/wp-content\/uploads\/2025\/06\/IMG_7546-225x300.jpg 225w, https:\/\/www.frieslandhollandtravel.nl\/wp-content\/uploads\/2025\/06\/IMG_7546-773x1030.jpg 773w, https:\/\/www.frieslandhollandtravel.nl\/wp-content\/uploads\/2025\/06\/IMG_7546-768x1024.jpg 768w, https:\/\/www.frieslandhollandtravel.nl\/wp-content\/uploads\/2025\/06\/IMG_7546-1152x1536.jpg 1152w, https:\/\/www.frieslandhollandtravel.nl\/wp-content\/uploads\/2025\/06\/IMG_7546-scaled.jpg 1536w, https:\/\/www.frieslandhollandtravel.nl\/wp-content\/uploads\/2025\/06\/IMG_7546-450x600.jpg 450w, https:\/\/www.frieslandhollandtravel.nl\/wp-content\/uploads\/2025\/06\/IMG_7546-600x800.jpg 600w\" sizes=\"auto, (max-width: 225px) 100vw, 225px\" \/><\/div>\n<\/div>\n<p data-start=\"1077\" data-end=\"1388\">Anschlie\u00dfend radelten wir weiter nach Bolsward, eine der gr\u00f6\u00dferen friesischen Elf-St\u00e4dte. Auf dem gem\u00fctlichen Marktplatz genossen wir ein leckeres Mittagessen, w\u00e4hrend das lebendige Treiben im Zentrum uns neue Energie gab. Die beeindruckende Sint-Franciscus-Kirche und das sch\u00f6ne Rathaus boten tolle Fotomotive.<\/p>\n<div class=\"wp-block-image\"><img loading=\"lazy\" decoding=\"async\" class=\"wpa-warning wpa-image-missing-alt alignnone size-medium wp-image-45752\" src=\"https:\/\/www.frieslandhollandtravel.nl\/wp-content\/uploads\/2025\/06\/IMG_7556-225x300.jpg\" alt=\"\" width=\"225\" height=\"300\" data-warning=\"Missing alt text\" srcset=\"https:\/\/www.frieslandhollandtravel.nl\/wp-content\/uploads\/2025\/06\/IMG_7556-225x300.jpg 225w, https:\/\/www.frieslandhollandtravel.nl\/wp-content\/uploads\/2025\/06\/IMG_7556-773x1030.jpg 773w, https:\/\/www.frieslandhollandtravel.nl\/wp-content\/uploads\/2025\/06\/IMG_7556-768x1024.jpg 768w, https:\/\/www.frieslandhollandtravel.nl\/wp-content\/uploads\/2025\/06\/IMG_7556-1152x1536.jpg 1152w, https:\/\/www.frieslandhollandtravel.nl\/wp-content\/uploads\/2025\/06\/IMG_7556-scaled.jpg 1536w, https:\/\/www.frieslandhollandtravel.nl\/wp-content\/uploads\/2025\/06\/IMG_7556-450x600.jpg 450w, https:\/\/www.frieslandhollandtravel.nl\/wp-content\/uploads\/2025\/06\/IMG_7556-600x800.jpg 600w\" sizes=\"auto, (max-width: 225px) 100vw, 225px\" \/><\/div>\n<div><\/div>\n<div>\n<div class=\"wp-block-image\"><img loading=\"lazy\" decoding=\"async\" class=\"wpa-warning wpa-image-missing-alt alignnone size-medium wp-image-45740\" src=\"https:\/\/www.frieslandhollandtravel.nl\/wp-content\/uploads\/2025\/06\/498697269_1431160684924104_4019531805125223720_n-169x300.jpg\" alt=\"\" width=\"169\" height=\"300\" data-warning=\"Missing alt text\" srcset=\"https:\/\/www.frieslandhollandtravel.nl\/wp-content\/uploads\/2025\/06\/498697269_1431160684924104_4019531805125223720_n-169x300.jpg 169w, https:\/\/www.frieslandhollandtravel.nl\/wp-content\/uploads\/2025\/06\/498697269_1431160684924104_4019531805125223720_n-580x1030.jpg 580w, https:\/\/www.frieslandhollandtravel.nl\/wp-content\/uploads\/2025\/06\/498697269_1431160684924104_4019531805125223720_n-768x1364.jpg 768w, https:\/\/www.frieslandhollandtravel.nl\/wp-content\/uploads\/2025\/06\/498697269_1431160684924104_4019531805125223720_n-865x1536.jpg 865w, https:\/\/www.frieslandhollandtravel.nl\/wp-content\/uploads\/2025\/06\/498697269_1431160684924104_4019531805125223720_n-450x799.jpg 450w, https:\/\/www.frieslandhollandtravel.nl\/wp-content\/uploads\/2025\/06\/498697269_1431160684924104_4019531805125223720_n-600x1066.jpg 600w, https:\/\/www.frieslandhollandtravel.nl\/wp-content\/uploads\/2025\/06\/498697269_1431160684924104_4019531805125223720_n.jpg 1153w\" sizes=\"auto, (max-width: 169px) 100vw, 169px\" \/><\/div>\n<\/div>\n<p data-start=\"1390\" data-end=\"1635\">Nach Bolsward ging es weiter Richtung Harlingen, doch vorher hielten wir noch in Kimswerd an, wo ich die Geschichte von Grutte Pier erz\u00e4hlte, der Anfang des 16. Jahrhunderts einen Aufstand gegen die s\u00e4chsischen und holl\u00e4ndischen Besatzer begann.<\/p>\n<blockquote>\n<p data-start=\"1637\" data-end=\"2159\">Grutte Pier (eigentlich Pier Gerlofs Donia) war ein angesehener Bauer, der in Frieden sein Land bewirtschaftete, bis sein Leben eine dramatische Wendung nahm. 1515 wurde sein Bauernhof von S\u00f6ldnern im Dienst der Sachsen niedergebrannt, wobei seine Frau und Kinder ums Leben kamen. Aus dieser tiefen pers\u00f6nlichen Trag\u00f6die erwuchs ein leidenschaftlicher Rachefeldzug. Pier schloss sich der Arumer Zwarte Hoop an, einer aufst\u00e4ndischen Gruppe Friesen, und begann als Anf\u00fchrer einer Art Guerillaarmee den Kampf gegen den Feind.<\/p>\n<p data-start=\"2161\" data-end=\"2451\">Mit seiner imposanten Erscheinung (er soll \u00fcber zwei Meter gro\u00df gewesen sein) und seiner rohen Kraft wurde er zu einer furchteinfl\u00f6\u00dfenden Figur. Angeblich konnte er ein anderthalb Meter langes Schwert m\u00fchelos f\u00fchren \u2013 ein Exemplar, das heute noch im Fries Museum in Leeuwarden zu sehen ist.<\/p>\n<p data-start=\"2453\" data-end=\"2735\">Eine bekannte Geschichte erz\u00e4hlt, dass Grutte Pier gefangene Soldaten zwang, folgenden Satz zu sagen:<br data-start=\"2554\" data-end=\"2557\" \/>\u201eB\u00fbter, brea en griene tsiis: wa\u2019t dat net sizze kin, is gjin oprjochte Fries.\u201c<br data-start=\"2636\" data-end=\"2639\" \/>(\u00dcbersetzung: \u201eButter, Brot und gr\u00fcner K\u00e4se: wer das nicht sagen kann, ist kein echter Friese.\u201c)<\/p>\n<p data-start=\"2737\" data-end=\"2848\">Wer das nicht korrekt aussprechen konnte, f\u00fcr den war es oft das Ende. So nutzte er die Sprache als Treue-Test.<\/p>\n<p data-start=\"2850\" data-end=\"3078\">Obwohl seine Methoden brutal waren, wird Grutte Pier von vielen noch immer als Symbol friesischen Stolzes und des Widerstands gegen Unterdr\u00fcckung angesehen. Es war besonders, an diesem geschichtstr\u00e4chtigen Ort kurz innezuhalten.<\/p>\n<\/blockquote>\n<p data-start=\"3080\" data-end=\"3392\">In Harlingen rochen wir die salzige Meeresluft und erlebten die gesch\u00e4ftige Atmosph\u00e4re des Hafens. Danach fuhren wir weiter nach Franeker, wo das weltber\u00fchmte Eise-Eisinga-Planetarium und das Rathaus noch immer beeindrucken \u2013 auch wenn wir diesmal aus Zeitgr\u00fcnden nur einen kurzen Blick von au\u00dfen werfen konnten.<\/p>\n<div class=\"wp-block-image\"><img loading=\"lazy\" decoding=\"async\" class=\"wpa-warning wpa-image-missing-alt alignnone size-medium wp-image-45734\" src=\"https:\/\/www.frieslandhollandtravel.nl\/wp-content\/uploads\/2025\/06\/497696756_1431160784924094_7621062680500680022_n-207x300.jpg\" alt=\"\" width=\"207\" height=\"300\" data-warning=\"Missing alt text\" srcset=\"https:\/\/www.frieslandhollandtravel.nl\/wp-content\/uploads\/2025\/06\/497696756_1431160784924094_7621062680500680022_n-207x300.jpg 207w, https:\/\/www.frieslandhollandtravel.nl\/wp-content\/uploads\/2025\/06\/497696756_1431160784924094_7621062680500680022_n-710x1030.jpg 710w, https:\/\/www.frieslandhollandtravel.nl\/wp-content\/uploads\/2025\/06\/497696756_1431160784924094_7621062680500680022_n-768x1115.jpg 768w, https:\/\/www.frieslandhollandtravel.nl\/wp-content\/uploads\/2025\/06\/497696756_1431160784924094_7621062680500680022_n-1058x1536.jpg 1058w, https:\/\/www.frieslandhollandtravel.nl\/wp-content\/uploads\/2025\/06\/497696756_1431160784924094_7621062680500680022_n-450x653.jpg 450w, https:\/\/www.frieslandhollandtravel.nl\/wp-content\/uploads\/2025\/06\/497696756_1431160784924094_7621062680500680022_n-600x871.jpg 600w, https:\/\/www.frieslandhollandtravel.nl\/wp-content\/uploads\/2025\/06\/497696756_1431160784924094_7621062680500680022_n.jpg 1411w\" sizes=\"auto, (max-width: 207px) 100vw, 207px\" \/><\/div>\n<p data-start=\"3394\" data-end=\"3663\">Gegen 17:00 Uhr lagen noch etwa 20 Kilometer bis Leeuwarden vor uns. Die Beine wurden langsam m\u00fcde, aber gemeinsam erreichten wir schlie\u00dflich zufrieden die friesische Hauptstadt. Dort wurden wir herzlich empfangen, und das wohlverdiente Getr\u00e4nk schmeckte besonders gut.<\/p>\n<p data-start=\"3665\" data-end=\"3842\">Es war ein langer Tag, aber einer voller Abwechslung: Wasser, Natur, Kultur und Stadt. Friesland hat sich wieder einmal von seiner besten Seite gezeigt. Auf in den n\u00e4chsten Tag!<\/p>\n<p data-start=\"3844\" data-end=\"3868\">Herzliche Gr\u00fc\u00dfe,<br data-start=\"3860\" data-end=\"3863\" \/>Sytze<\/p>\n","protected":false},"excerpt":{"rendered":"<p>Wir begannen den Tag in Workum, wo die Morgensonne sanft \u00fcber der Stadt lag \u2013 ein vielversprechender Start in eine lange, aber sch\u00f6ne Etappe von 85 Kilometern. Nach einem kr\u00e4ftigen Fr\u00fchst\u00fcck und dem Durchgehen der Route stiegen wir aufs Rad, bereit f\u00fcr einen Tag voller Natur, Kultur und friesischem Charme. Die ersten Kilometer f\u00fchrten uns&hellip; <a class=\"continue\" href=\"https:\/\/www.frieslandhollandtravel.nl\/de\/nachrichten\/tag-3-zwischen-den-elf-staedten-und-dem-schwert-von-grutte-pier\/\">Lees meer<span> Tag 3: Zwischen den Elf St\u00e4dten und dem Schwert von Grutte Pier<\/span><\/a><\/p>\n","protected":false},"author":3,"featured_media":45737,"comment_status":"closed","ping_status":"closed","sticky":false,"template":"","format":"standard","meta":{"_acf_changed":false,"wds_primary_category":0,"footnotes":""},"categories":[174],"tags":[],"class_list":["post-45758","post","type-post","status-publish","format-standard","has-post-thumbnail","hentry","category-nachrichten"],"acf":[],"_links":{"self":[{"href":"https:\/\/www.frieslandhollandtravel.nl\/de\/wp-json\/wp\/v2\/posts\/45758","targetHints":{"allow":["GET"]}}],"collection":[{"href":"https:\/\/www.frieslandhollandtravel.nl\/de\/wp-json\/wp\/v2\/posts"}],"about":[{"href":"https:\/\/www.frieslandhollandtravel.nl\/de\/wp-json\/wp\/v2\/types\/post"}],"author":[{"embeddable":true,"href":"https:\/\/www.frieslandhollandtravel.nl\/de\/wp-json\/wp\/v2\/users\/3"}],"replies":[{"embeddable":true,"href":"https:\/\/www.frieslandhollandtravel.nl\/de\/wp-json\/wp\/v2\/comments?post=45758"}],"version-history":[{"count":0,"href":"https:\/\/www.frieslandhollandtravel.nl\/de\/wp-json\/wp\/v2\/posts\/45758\/revisions"}],"wp:featuredmedia":[{"embeddable":true,"href":"https:\/\/www.frieslandhollandtravel.nl\/de\/wp-json\/wp\/v2\/media\/45737"}],"wp:attachment":[{"href":"https:\/\/www.frieslandhollandtravel.nl\/de\/wp-json\/wp\/v2\/media?parent=45758"}],"wp:term":[{"taxonomy":"category","embeddable":true,"href":"https:\/\/www.frieslandhollandtravel.nl\/de\/wp-json\/wp\/v2\/categories?post=45758"},{"taxonomy":"post_tag","embeddable":true,"href":"https:\/\/www.frieslandhollandtravel.nl\/de\/wp-json\/wp\/v2\/tags?post=45758"}],"curies":[{"name":"wp","href":"https:\/\/api.w.org\/{rel}","templated":true}]}}