{"id":45805,"date":"2025-07-01T21:50:44","date_gmt":"2025-07-01T19:50:44","guid":{"rendered":"https:\/\/www.frieslandhollandtravel.nl\/?p=45805"},"modified":"2025-07-01T22:03:02","modified_gmt":"2025-07-01T20:03:02","slug":"tag-4-die-hoelle-des-nordens-bei-tropischer-waerme","status":"publish","type":"post","link":"https:\/\/www.frieslandhollandtravel.nl\/de\/nachrichten\/tag-4-die-hoelle-des-nordens-bei-tropischer-waerme\/","title":{"rendered":"Tag 4: Die H\u00f6lle des Nordens bei tropischer W\u00e4rme"},"content":{"rendered":"<p data-start=\"172\" data-end=\"441\">Wir starteten den Tag in Leeuwarden, wo die Stadt langsam erwachte. Es versprach ein sch\u00f6ner und hei\u00dfer Tag zu werden. Nach dem Fr\u00fchst\u00fcck trafen wir uns drau\u00dfen bei den Fahrr\u00e4dern. Heute stand eine etwas k\u00fcrzere Etappe auf dem Programm \u2013 aber nicht weniger interessant.<\/p>\n<p data-start=\"443\" data-end=\"842\">Schon bald lie\u00dfen wir den Trubel der Stadt hinter uns und folgten dem ruhigen Weg entlang der Dokkumer Ee in Richtung Wyns. Dieser Teil Frieslands atmet Weite und Ruhe. Die Treidelpfade schl\u00e4ngeln sich am Wasser entlang, links und rechts wiegt das Schilf im Wind und die weiten Ausblicke laden immer wieder zum Innehalten ein. In Wyns legten wir eine kurze Pause an der kleinen Kirche am Wasser ein.<\/p>\n<div class=\"wp-block-image\"><img loading=\"lazy\" decoding=\"async\" class=\"wpa-warning wpa-image-missing-alt alignnone size-medium wp-image-45791\" src=\"https:\/\/www.frieslandhollandtravel.nl\/wp-content\/uploads\/2025\/07\/498314687_1431894498184056_7058788772108026814_n-300x140.jpg\" alt=\"\" width=\"300\" height=\"140\" data-warning=\"Missing alt text\" srcset=\"https:\/\/www.frieslandhollandtravel.nl\/wp-content\/uploads\/2025\/07\/498314687_1431894498184056_7058788772108026814_n-300x140.jpg 300w, https:\/\/www.frieslandhollandtravel.nl\/wp-content\/uploads\/2025\/07\/498314687_1431894498184056_7058788772108026814_n-1030x481.jpg 1030w, https:\/\/www.frieslandhollandtravel.nl\/wp-content\/uploads\/2025\/07\/498314687_1431894498184056_7058788772108026814_n-768x359.jpg 768w, https:\/\/www.frieslandhollandtravel.nl\/wp-content\/uploads\/2025\/07\/498314687_1431894498184056_7058788772108026814_n-1536x718.jpg 1536w, https:\/\/www.frieslandhollandtravel.nl\/wp-content\/uploads\/2025\/07\/498314687_1431894498184056_7058788772108026814_n-scaled.jpg 2048w, https:\/\/www.frieslandhollandtravel.nl\/wp-content\/uploads\/2025\/07\/498314687_1431894498184056_7058788772108026814_n-450x210.jpg 450w, https:\/\/www.frieslandhollandtravel.nl\/wp-content\/uploads\/2025\/07\/498314687_1431894498184056_7058788772108026814_n-600x280.jpg 600w\" sizes=\"auto, (max-width: 300px) 100vw, 300px\" \/><\/div>\n<p data-start=\"844\" data-end=\"1232\">Wenig sp\u00e4ter erreichten wir das Elfstedenmonument an der Br\u00fccke in Gytsjerk \u2013 ein besonderer Moment: Tausende kleiner Fliesen mit den Namen von Teilnehmern der Elfstedentocht bilden gemeinsam ein Denkmal f\u00fcr Durchhalteverm\u00f6gen, K\u00e4lte und friesischen Willen. Wir hielten inne \u2013 manche suchten den Namen eines Bekannten, andere machten Fotos. Hier sp\u00fcrt man: Die Elfstedentocht lebt weiter.<\/p>\n<div class=\"wp-block-image\"><img loading=\"lazy\" decoding=\"async\" class=\"wpa-warning wpa-image-missing-alt alignnone size-medium wp-image-45797\" src=\"https:\/\/www.frieslandhollandtravel.nl\/wp-content\/uploads\/2025\/07\/498592435_1431893994850773_767482317568673778_n-300x137.jpg\" alt=\"\" width=\"300\" height=\"137\" data-warning=\"Missing alt text\" srcset=\"https:\/\/www.frieslandhollandtravel.nl\/wp-content\/uploads\/2025\/07\/498592435_1431893994850773_767482317568673778_n-300x137.jpg 300w, https:\/\/www.frieslandhollandtravel.nl\/wp-content\/uploads\/2025\/07\/498592435_1431893994850773_767482317568673778_n-1030x472.jpg 1030w, https:\/\/www.frieslandhollandtravel.nl\/wp-content\/uploads\/2025\/07\/498592435_1431893994850773_767482317568673778_n-768x352.jpg 768w, https:\/\/www.frieslandhollandtravel.nl\/wp-content\/uploads\/2025\/07\/498592435_1431893994850773_767482317568673778_n-1536x704.jpg 1536w, https:\/\/www.frieslandhollandtravel.nl\/wp-content\/uploads\/2025\/07\/498592435_1431893994850773_767482317568673778_n-scaled.jpg 2048w, https:\/\/www.frieslandhollandtravel.nl\/wp-content\/uploads\/2025\/07\/498592435_1431893994850773_767482317568673778_n-450x206.jpg 450w, https:\/\/www.frieslandhollandtravel.nl\/wp-content\/uploads\/2025\/07\/498592435_1431893994850773_767482317568673778_n-600x275.jpg 600w\" sizes=\"auto, (max-width: 300px) 100vw, 300px\" \/><\/div>\n<p data-start=\"1234\" data-end=\"1592\">Auf einer gr\u00fcnen Route radelten wir weiter zur Stania State in Oentsjerk, ein wundersch\u00f6nes Landgut mit reicher Geschichte. Die alten B\u00e4ume, das stattliche Haupthaus und die stillen G\u00e4rten boten den perfekten Rahmen f\u00fcr Schatten, eine Trinkpause und einen kurzen Spaziergang. Das Tempo war heute etwas gem\u00e4chlicher \u2013 das war bei der Hitze auch sehr angenehm.<\/p>\n<div class=\"wp-block-image\"><img loading=\"lazy\" decoding=\"async\" class=\"wpa-warning wpa-image-missing-alt alignnone size-medium wp-image-45800\" src=\"https:\/\/www.frieslandhollandtravel.nl\/wp-content\/uploads\/2025\/07\/514338990_1467407207966118_363233470931095408_n-300x148.jpg\" alt=\"\" width=\"300\" height=\"148\" data-warning=\"Missing alt text\" srcset=\"https:\/\/www.frieslandhollandtravel.nl\/wp-content\/uploads\/2025\/07\/514338990_1467407207966118_363233470931095408_n-300x148.jpg 300w, https:\/\/www.frieslandhollandtravel.nl\/wp-content\/uploads\/2025\/07\/514338990_1467407207966118_363233470931095408_n-1030x507.jpg 1030w, https:\/\/www.frieslandhollandtravel.nl\/wp-content\/uploads\/2025\/07\/514338990_1467407207966118_363233470931095408_n-768x378.jpg 768w, https:\/\/www.frieslandhollandtravel.nl\/wp-content\/uploads\/2025\/07\/514338990_1467407207966118_363233470931095408_n-1536x755.jpg 1536w, https:\/\/www.frieslandhollandtravel.nl\/wp-content\/uploads\/2025\/07\/514338990_1467407207966118_363233470931095408_n-scaled.jpg 2048w, https:\/\/www.frieslandhollandtravel.nl\/wp-content\/uploads\/2025\/07\/514338990_1467407207966118_363233470931095408_n-450x221.jpg 450w, https:\/\/www.frieslandhollandtravel.nl\/wp-content\/uploads\/2025\/07\/514338990_1467407207966118_363233470931095408_n-600x295.jpg 600w\" sizes=\"auto, (max-width: 300px) 100vw, 300px\" \/><\/div>\n<div><\/div>\n<div>\n<div class=\"wp-block-image\"><img loading=\"lazy\" decoding=\"async\" class=\"wpa-warning wpa-image-missing-alt alignnone size-medium wp-image-45785\" src=\"https:\/\/www.frieslandhollandtravel.nl\/wp-content\/uploads\/2025\/07\/498013336_1431894781517361_601595992083939508_n-300x169.jpg\" alt=\"\" width=\"300\" height=\"169\" data-warning=\"Missing alt text\" srcset=\"https:\/\/www.frieslandhollandtravel.nl\/wp-content\/uploads\/2025\/07\/498013336_1431894781517361_601595992083939508_n-300x169.jpg 300w, https:\/\/www.frieslandhollandtravel.nl\/wp-content\/uploads\/2025\/07\/498013336_1431894781517361_601595992083939508_n-1030x580.jpg 1030w, https:\/\/www.frieslandhollandtravel.nl\/wp-content\/uploads\/2025\/07\/498013336_1431894781517361_601595992083939508_n-768x432.jpg 768w, https:\/\/www.frieslandhollandtravel.nl\/wp-content\/uploads\/2025\/07\/498013336_1431894781517361_601595992083939508_n-1536x865.jpg 1536w, https:\/\/www.frieslandhollandtravel.nl\/wp-content\/uploads\/2025\/07\/498013336_1431894781517361_601595992083939508_n-450x253.jpg 450w, https:\/\/www.frieslandhollandtravel.nl\/wp-content\/uploads\/2025\/07\/498013336_1431894781517361_601595992083939508_n-600x338.jpg 600w, https:\/\/www.frieslandhollandtravel.nl\/wp-content\/uploads\/2025\/07\/498013336_1431894781517361_601595992083939508_n.jpg 2048w\" sizes=\"auto, (max-width: 300px) 100vw, 300px\" \/><\/div>\n<\/div>\n<p data-start=\"1594\" data-end=\"1854\">Weiter ging es nach Birdaard, wo wir ein liebevoll zubereitetes Mittagessen am Wasser genossen. Das Dorf strahlt Authentizit\u00e4t aus \u2013 mit seiner M\u00fchle, der Br\u00fccke und der freundlichen Atmosph\u00e4re. Es war Zeit zum Plaudern, zum Sonne tanken und Beine ausstrecken.<\/p>\n<p data-start=\"1856\" data-end=\"2262\">Nach dem Mittagessen fuhren wir weiter nach Hegebeintum. Der kurze Anstieg lohnte sich: Hier befindet sich die h\u00f6chste Warft der Niederlande. Oben angekommen hatten wir einen weiten Blick \u00fcber das flache friesische Land. Die alte Kirche auf der Warft verlieh dem Ort zus\u00e4tzlich eine besondere Ruhe und Geschichte \u2013 und ein kleiner Gl\u00fccksfall: Die Kirche war offen, und wir durften einen Blick hineinwerfen!<\/p>\n<div class=\"wp-block-image\"><img loading=\"lazy\" decoding=\"async\" class=\"wpa-warning wpa-image-missing-alt alignnone size-medium wp-image-45782\" src=\"https:\/\/www.frieslandhollandtravel.nl\/wp-content\/uploads\/2025\/07\/497972884_1431893948184111_3886983553846520474_n-300x141.jpg\" alt=\"\" width=\"300\" height=\"141\" data-warning=\"Missing alt text\" srcset=\"https:\/\/www.frieslandhollandtravel.nl\/wp-content\/uploads\/2025\/07\/497972884_1431893948184111_3886983553846520474_n-300x141.jpg 300w, https:\/\/www.frieslandhollandtravel.nl\/wp-content\/uploads\/2025\/07\/497972884_1431893948184111_3886983553846520474_n-1030x483.jpg 1030w, https:\/\/www.frieslandhollandtravel.nl\/wp-content\/uploads\/2025\/07\/497972884_1431893948184111_3886983553846520474_n-768x360.jpg 768w, https:\/\/www.frieslandhollandtravel.nl\/wp-content\/uploads\/2025\/07\/497972884_1431893948184111_3886983553846520474_n-1536x721.jpg 1536w, https:\/\/www.frieslandhollandtravel.nl\/wp-content\/uploads\/2025\/07\/497972884_1431893948184111_3886983553846520474_n-scaled.jpg 2048w, https:\/\/www.frieslandhollandtravel.nl\/wp-content\/uploads\/2025\/07\/497972884_1431893948184111_3886983553846520474_n-450x211.jpg 450w, https:\/\/www.frieslandhollandtravel.nl\/wp-content\/uploads\/2025\/07\/497972884_1431893948184111_3886983553846520474_n-600x282.jpg 600w\" sizes=\"auto, (max-width: 300px) 100vw, 300px\" \/><\/div>\n<p data-start=\"2264\" data-end=\"2566\">\u00dcber stille Wege, vorbei an grasenden Schafen, fuhren wir schlie\u00dflich weiter Richtung Campingplatz \u201eZee van Tijd\u201c in Holwerd. Eine kurze Trinkpause und etwas Ruhe w\u00e4hrend der hei\u00dfesten Stunde des Tages \u2013 manche genossen die Stille f\u00fcr sich, andere suchten sich ein Getr\u00e4nk und einen Platz in der Sonne.<\/p>\n<p data-start=\"2568\" data-end=\"2789\">Die letzten Kilometer nach Dokkum legten wir entspannt zur\u00fcck. Die Ankunft in dieser n\u00f6rdlichsten der Elf-St\u00e4dte ist immer ein besonderer Moment. Festungsw\u00e4lle, Grachten und eine historische Innenstadt voller Geschichten.<\/p>\n<div class=\"wp-block-image\"><img loading=\"lazy\" decoding=\"async\" class=\"wpa-warning wpa-image-missing-alt alignnone size-medium wp-image-45788\" src=\"https:\/\/www.frieslandhollandtravel.nl\/wp-content\/uploads\/2025\/07\/498173274_1431895458183960_1996917033902507979_n-300x135.jpg\" alt=\"\" width=\"300\" height=\"135\" data-warning=\"Missing alt text\" srcset=\"https:\/\/www.frieslandhollandtravel.nl\/wp-content\/uploads\/2025\/07\/498173274_1431895458183960_1996917033902507979_n-300x135.jpg 300w, https:\/\/www.frieslandhollandtravel.nl\/wp-content\/uploads\/2025\/07\/498173274_1431895458183960_1996917033902507979_n-1030x465.jpg 1030w, https:\/\/www.frieslandhollandtravel.nl\/wp-content\/uploads\/2025\/07\/498173274_1431895458183960_1996917033902507979_n-768x347.jpg 768w, https:\/\/www.frieslandhollandtravel.nl\/wp-content\/uploads\/2025\/07\/498173274_1431895458183960_1996917033902507979_n-1536x694.jpg 1536w, https:\/\/www.frieslandhollandtravel.nl\/wp-content\/uploads\/2025\/07\/498173274_1431895458183960_1996917033902507979_n-scaled.jpg 2048w, https:\/\/www.frieslandhollandtravel.nl\/wp-content\/uploads\/2025\/07\/498173274_1431895458183960_1996917033902507979_n-450x203.jpg 450w, https:\/\/www.frieslandhollandtravel.nl\/wp-content\/uploads\/2025\/07\/498173274_1431895458183960_1996917033902507979_n-600x271.jpg 600w\" sizes=\"auto, (max-width: 300px) 100vw, 300px\" \/><\/div>\n<div><\/div>\n<div>\n<div class=\"wp-block-image\"><img loading=\"lazy\" decoding=\"async\" class=\"wpa-warning wpa-image-missing-alt alignnone size-medium wp-image-45794\" src=\"https:\/\/www.frieslandhollandtravel.nl\/wp-content\/uploads\/2025\/07\/498330896_1431895408183965_6022878857482959071_n-300x182.jpg\" alt=\"\" width=\"300\" height=\"182\" data-warning=\"Missing alt text\" srcset=\"https:\/\/www.frieslandhollandtravel.nl\/wp-content\/uploads\/2025\/07\/498330896_1431895408183965_6022878857482959071_n-300x182.jpg 300w, https:\/\/www.frieslandhollandtravel.nl\/wp-content\/uploads\/2025\/07\/498330896_1431895408183965_6022878857482959071_n-1030x625.jpg 1030w, https:\/\/www.frieslandhollandtravel.nl\/wp-content\/uploads\/2025\/07\/498330896_1431895408183965_6022878857482959071_n-768x466.jpg 768w, https:\/\/www.frieslandhollandtravel.nl\/wp-content\/uploads\/2025\/07\/498330896_1431895408183965_6022878857482959071_n-1536x932.jpg 1536w, https:\/\/www.frieslandhollandtravel.nl\/wp-content\/uploads\/2025\/07\/498330896_1431895408183965_6022878857482959071_n-450x273.jpg 450w, https:\/\/www.frieslandhollandtravel.nl\/wp-content\/uploads\/2025\/07\/498330896_1431895408183965_6022878857482959071_n-600x364.jpg 600w, https:\/\/www.frieslandhollandtravel.nl\/wp-content\/uploads\/2025\/07\/498330896_1431895408183965_6022878857482959071_n.jpg 2048w\" sizes=\"auto, (max-width: 300px) 100vw, 300px\" \/><\/div>\n<\/div>\n<p data-start=\"2791\" data-end=\"2892\">Zeit zum Einchecken \u2013 und zum Genie\u00dfen eines k\u00f6stlichen Abendessens im \u2019T Stalt. Einfach fantastisch!<\/p>\n<p data-start=\"2894\" data-end=\"2946\">Wieder ein wundersch\u00f6ner Tag auf der Elfstedenroute!<\/p>\n<p data-start=\"2948\" data-end=\"3002\">Morgen geht\u2019s weiter \u2013 Ameland steht auf dem Programm!<\/p>\n<p data-start=\"3004\" data-end=\"3032\">Herzliche Gr\u00fc\u00dfe,<br data-start=\"3020\" data-end=\"3023\" \/><strong data-start=\"3023\" data-end=\"3032\">Sytze<\/strong><\/p>\n","protected":false},"excerpt":{"rendered":"<p>Wir starteten den Tag in Leeuwarden, wo die Stadt langsam erwachte. Es versprach ein sch\u00f6ner und hei\u00dfer Tag zu werden. Nach dem Fr\u00fchst\u00fcck trafen wir uns drau\u00dfen bei den Fahrr\u00e4dern. Heute stand eine etwas k\u00fcrzere Etappe auf dem Programm \u2013 aber nicht weniger interessant. Schon bald lie\u00dfen wir den Trubel der Stadt hinter uns und&hellip; <a class=\"continue\" href=\"https:\/\/www.frieslandhollandtravel.nl\/de\/nachrichten\/tag-4-die-hoelle-des-nordens-bei-tropischer-waerme\/\">Lees meer<span> Tag 4: Die H\u00f6lle des Nordens bei tropischer W\u00e4rme<\/span><\/a><\/p>\n","protected":false},"author":3,"featured_media":45788,"comment_status":"closed","ping_status":"closed","sticky":false,"template":"","format":"standard","meta":{"_acf_changed":false,"wds_primary_category":0,"footnotes":""},"categories":[174],"tags":[],"class_list":["post-45805","post","type-post","status-publish","format-standard","has-post-thumbnail","hentry","category-nachrichten"],"acf":[],"_links":{"self":[{"href":"https:\/\/www.frieslandhollandtravel.nl\/de\/wp-json\/wp\/v2\/posts\/45805","targetHints":{"allow":["GET"]}}],"collection":[{"href":"https:\/\/www.frieslandhollandtravel.nl\/de\/wp-json\/wp\/v2\/posts"}],"about":[{"href":"https:\/\/www.frieslandhollandtravel.nl\/de\/wp-json\/wp\/v2\/types\/post"}],"author":[{"embeddable":true,"href":"https:\/\/www.frieslandhollandtravel.nl\/de\/wp-json\/wp\/v2\/users\/3"}],"replies":[{"embeddable":true,"href":"https:\/\/www.frieslandhollandtravel.nl\/de\/wp-json\/wp\/v2\/comments?post=45805"}],"version-history":[{"count":0,"href":"https:\/\/www.frieslandhollandtravel.nl\/de\/wp-json\/wp\/v2\/posts\/45805\/revisions"}],"wp:featuredmedia":[{"embeddable":true,"href":"https:\/\/www.frieslandhollandtravel.nl\/de\/wp-json\/wp\/v2\/media\/45788"}],"wp:attachment":[{"href":"https:\/\/www.frieslandhollandtravel.nl\/de\/wp-json\/wp\/v2\/media?parent=45805"}],"wp:term":[{"taxonomy":"category","embeddable":true,"href":"https:\/\/www.frieslandhollandtravel.nl\/de\/wp-json\/wp\/v2\/categories?post=45805"},{"taxonomy":"post_tag","embeddable":true,"href":"https:\/\/www.frieslandhollandtravel.nl\/de\/wp-json\/wp\/v2\/tags?post=45805"}],"curies":[{"name":"wp","href":"https:\/\/api.w.org\/{rel}","templated":true}]}}