{"id":53042,"date":"2026-01-09T17:41:45","date_gmt":"2026-01-09T16:41:45","guid":{"rendered":"https:\/\/www.frieslandhollandtravel.nl\/?p=53042"},"modified":"2026-01-09T18:32:58","modified_gmt":"2026-01-09T17:32:58","slug":"die-romantische-elf-staedte-route-leuchtet-zum-koenigstag-orange","status":"publish","type":"post","link":"https:\/\/www.frieslandhollandtravel.nl\/de\/nachrichten\/die-romantische-elf-staedte-route-leuchtet-zum-koenigstag-orange\/","title":{"rendered":"Die romantische Elf-St\u00e4dte-Route leuchtet zum K\u00f6nigstag orange!"},"content":{"rendered":"<p data-start=\"103\" data-end=\"360\"><strong data-start=\"103\" data-end=\"113\">DOKKUM<\/strong> \u2013 Das neue Erscheinungsbild von <a href=\"https:\/\/www.noardeast-fryslan.nl\/keningsdei\">K\u00f6nigstag<\/a> wurde offiziell in Gebrauch genommen. <a href=\"https:\/\/www.noardeast-fryslan.nl\/\">B\u00fcrgermeister<\/a> Johannes Kramer pr\u00e4sentierte das Design, indem er das Logo auf seinem Auto anbrachte. \u201e<em data-start=\"296\" data-end=\"347\">Ich finde es ein wundersch\u00f6nes, stilvolles Design<\/em>\u201c, so Kramer.<\/p>\n<p data-start=\"362\" data-end=\"705\">Das neue <a href=\"https:\/\/www.burobend.nl\/\">Logo<\/a> f\u00e4llt sofort ins Auge: Eine Krone symbolisiert die starke Verbindung zwischen den 52 D\u00f6rfern der Gemeinde Noardeast-Frysl\u00e2n und der Stadt <a href=\"https:\/\/dokkum.nl\/\">Dokkum<\/a>. Die miteinander verbundenen friesischen <em data-start=\"562\" data-end=\"575\">Pompebl\u00eaden<\/em> (Seebl\u00e4tter) bilden gemeinsam ein kraftvolles und k\u00f6nigliches Gesamtbild, das sowohl Geschichte als auch Zusammenhalt ausstrahlt.<\/p>\n<p data-start=\"707\" data-end=\"1078\">Unter der Krone sind drei geschwungene Linien zu sehen, die die Region veranschaulichen: das Land an der <a href=\"https:\/\/www.waddensea-worldheritage.org\/nl\">Wattenmeerk\u00fcste<\/a> mit dem Horizont dahinter. Die Grundfarbe des Designs ist Orange, erg\u00e4nzt durch Varianten in Wei\u00df und Dokkumer Blau. Diese Farben und Formen ziehen sich durch die gesamte Corporate Identity und werden w\u00e4hrend Keningsdei an vielen Orten sichtbar sein.<\/p>\n<div style=\"width: 640px;\" class=\"wp-video\"><!--[if lt IE 9]><script>document.createElement('video');<\/script><![endif]-->\n<video class=\"wp-video-shortcode\" id=\"video-53042-1\" width=\"640\" height=\"360\" preload=\"metadata\" controls=\"controls\"><source type=\"video\/mp4\" src=\"https:\/\/www.frieslandhollandtravel.nl\/wp-content\/uploads\/2026\/01\/videoplayback.mp4?_=1\" \/><a href=\"https:\/\/www.frieslandhollandtravel.nl\/wp-content\/uploads\/2026\/01\/videoplayback.mp4\">https:\/\/www.frieslandhollandtravel.nl\/wp-content\/uploads\/2026\/01\/videoplayback.mp4<\/a><\/video><\/div>\n<p data-start=\"1080\" data-end=\"1415\">Neben der Pr\u00e4sentation des neuen Erscheinungsbildes gab Friesland Holland Travel bekannt, dass am 16. Januar das spezielle Keningsdei-Radarrangement vorgestellt wird. Dieses Arrangement konzentriert sich auf den K\u00f6nigstag in Dokkum, bietet aber auch Einblicke in die Geschichte der Dynastie <a href=\"https:\/\/www.koninklijkhuis.nl\/\">Oranien-Nassau<\/a> in <a href=\"https:\/\/www.visitleeuwarden.com\/nl\">Leeuwarden<\/a> und <a href=\"https:\/\/www.zuidoostfriesland.nl\/bezoeken\/dorpen\/oranjewoud\">Oranjewoud<\/a>.<\/p>\n<p data-start=\"1417\" data-end=\"1582\">Wer bereits neugierig auf das k\u00f6nigliche Radarrangement oder auf weitere Angebote von Friesland Holland Travel ist, kann sich gerne f\u00fcr weitere Informationen melden.<\/p>\n<p data-start=\"1584\" data-end=\"1653\">\ud83c\udf10 <a class=\"decorated-link cursor-pointer\" target=\"_new\" rel=\"noopener\" data-start=\"1587\" data-end=\"1616\">www.frieslandhollandtravel.nl<\/a><br data-start=\"1616\" data-end=\"1619\" \/>\u2709\ufe0f <a class=\"decorated-link cursor-pointer\" rel=\"noopener\" data-start=\"1622\" data-end=\"1653\">info@frieslandhollandtravel.com<\/a><\/p>\n","protected":false},"excerpt":{"rendered":"<p>DOKKUM \u2013 Das neue Erscheinungsbild von K\u00f6nigstag wurde offiziell in Gebrauch genommen. B\u00fcrgermeister Johannes Kramer pr\u00e4sentierte das Design, indem er das Logo auf seinem Auto anbrachte. \u201eIch finde es ein wundersch\u00f6nes, stilvolles Design\u201c, so Kramer. Das neue Logo f\u00e4llt sofort ins Auge: Eine Krone symbolisiert die starke Verbindung zwischen den 52 D\u00f6rfern der Gemeinde Noardeast-Frysl\u00e2n&hellip; <a class=\"continue\" href=\"https:\/\/www.frieslandhollandtravel.nl\/de\/nachrichten\/die-romantische-elf-staedte-route-leuchtet-zum-koenigstag-orange\/\">Lees meer<span> Die romantische Elf-St\u00e4dte-Route leuchtet zum K\u00f6nigstag orange!<\/span><\/a><\/p>\n","protected":false},"author":3,"featured_media":53033,"comment_status":"closed","ping_status":"closed","sticky":false,"template":"","format":"standard","meta":{"_acf_changed":false,"wds_primary_category":0,"footnotes":""},"categories":[174],"tags":[],"class_list":["post-53042","post","type-post","status-publish","format-standard","has-post-thumbnail","hentry","category-nachrichten"],"acf":[],"_links":{"self":[{"href":"https:\/\/www.frieslandhollandtravel.nl\/de\/wp-json\/wp\/v2\/posts\/53042","targetHints":{"allow":["GET"]}}],"collection":[{"href":"https:\/\/www.frieslandhollandtravel.nl\/de\/wp-json\/wp\/v2\/posts"}],"about":[{"href":"https:\/\/www.frieslandhollandtravel.nl\/de\/wp-json\/wp\/v2\/types\/post"}],"author":[{"embeddable":true,"href":"https:\/\/www.frieslandhollandtravel.nl\/de\/wp-json\/wp\/v2\/users\/3"}],"replies":[{"embeddable":true,"href":"https:\/\/www.frieslandhollandtravel.nl\/de\/wp-json\/wp\/v2\/comments?post=53042"}],"version-history":[{"count":0,"href":"https:\/\/www.frieslandhollandtravel.nl\/de\/wp-json\/wp\/v2\/posts\/53042\/revisions"}],"wp:featuredmedia":[{"embeddable":true,"href":"https:\/\/www.frieslandhollandtravel.nl\/de\/wp-json\/wp\/v2\/media\/53033"}],"wp:attachment":[{"href":"https:\/\/www.frieslandhollandtravel.nl\/de\/wp-json\/wp\/v2\/media?parent=53042"}],"wp:term":[{"taxonomy":"category","embeddable":true,"href":"https:\/\/www.frieslandhollandtravel.nl\/de\/wp-json\/wp\/v2\/categories?post=53042"},{"taxonomy":"post_tag","embeddable":true,"href":"https:\/\/www.frieslandhollandtravel.nl\/de\/wp-json\/wp\/v2\/tags?post=53042"}],"curies":[{"name":"wp","href":"https:\/\/api.w.org\/{rel}","templated":true}]}}