{"id":53102,"date":"2026-01-10T10:38:46","date_gmt":"2026-01-10T09:38:46","guid":{"rendered":"https:\/\/www.frieslandhollandtravel.nl\/?p=53102"},"modified":"2026-01-10T10:56:09","modified_gmt":"2026-01-10T09:56:09","slug":"ihre-fahrradtour-erweitern-pferderettungsboot-auf-ameland-erleben","status":"publish","type":"post","link":"https:\/\/www.frieslandhollandtravel.nl\/de\/nachrichten\/ihre-fahrradtour-erweitern-pferderettungsboot-auf-ameland-erleben\/","title":{"rendered":"Ihre Fahrradtour erweitern: Pferderettungsboot auf Ameland erleben"},"content":{"rendered":"<p data-start=\"177\" data-end=\"592\">Wer die Elf-St\u00e4dte-Route mit dem Fahrrad f\u00e4hrt, entscheidet sich nicht nur f\u00fcr sportliche Kilometer, sondern auch f\u00fcr Kultur, Geschichte und die typische friesische Landschaft. Immer mehr Radfahrer von <a href=\"https:\/\/www.frieslandhollandtravel.nl\/de\/\">Friesland Holland Travel<\/a> verl\u00e4ngern ihre Tour mit einem Abstecher auf die Watteninsel <a href=\"https:\/\/www.vvvameland.nl\/\">Ameland<\/a>. Und wer dies tut, sollte ein besonderes Ereignis auf keinen Fall verpassen: <a href=\"https:\/\/www.amelandermusea.nl\/excursies-exposities\/demonstraties-paardenreddingboot\/\">die Vorf\u00fchrung des Pferderettungsbootes<\/a>.<\/p>\n<p data-start=\"594\" data-end=\"1161\">Das Pferderettungsboot ist ein einzigartiges St\u00fcck niederl\u00e4ndischen maritimen Erbes. In einer Zeit, in der Motoren noch nicht zuverl\u00e4ssig waren, wurden Rettungsboote vom Strand aus mithilfe starker friesischer Pferde ins Meer gezogen. Auf Ameland wird diese beeindruckende Rettungsmethode noch immer geehrt. Bei den Vorf\u00fchrungen k\u00f6nnen Sie sehen, wie Pferde, begleitet von erfahrenen Fahrern, das schwere Rettungsboot durch Brandung und Wellen ziehen. Es ist ein kraftvolles Schauspiel, das zeigt, wie Mensch und Tier zusammenarbeiteten, um Leben auf See zu retten.<\/p>\n<div style=\"width: 640px;\" class=\"wp-video\"><!--[if lt IE 9]><script>document.createElement('video');<\/script><![endif]-->\n<video class=\"wp-video-shortcode\" id=\"video-53102-1\" width=\"640\" height=\"360\" preload=\"metadata\" controls=\"controls\"><source type=\"video\/mp4\" src=\"https:\/\/www.frieslandhollandtravel.nl\/wp-content\/uploads\/2026\/01\/Amelander-Paardenreddingboot-demonstratie.mp4?_=1\" \/><a href=\"https:\/\/www.frieslandhollandtravel.nl\/wp-content\/uploads\/2026\/01\/Amelander-Paardenreddingboot-demonstratie.mp4\">https:\/\/www.frieslandhollandtravel.nl\/wp-content\/uploads\/2026\/01\/Amelander-Paardenreddingboot-demonstratie.mp4<\/a><\/video><\/div>\n<p data-start=\"1163\" data-end=\"1654\">F\u00fcr Radfahrer auf der <a href=\"https:\/\/www.elfstedenroute.nl\/\">Elf-St\u00e4dte-Route<\/a> bietet Ameland eine wundersch\u00f6ne Abwechslung. Nach dem flachen friesischen Festland bietet die Insel Ruhe, Raum und Natur, aber auch eine greifbare Verbindung zur Vergangenheit. Die Vorf\u00fchrung des Pferderettungsbootes l\u00e4sst einen innehalten und die Gefahren des Meeres sowie den Mut der fr\u00fcheren Retter bewundern. Es ist nicht einfach eine touristische Attraktion, sondern ein lebendiges historisches Ereignis, das Generationen miteinander verbindet.<\/p>\n<p data-start=\"1656\" data-end=\"1877\">Die Vorf\u00fchrungen finden \u00fcber das Jahr verteilt statt und lassen sich gut mit einem Tages- oder Wochenendaufenthalt auf der Insel kombinieren. Das <a href=\"https:\/\/www.amelandermusea.nl\/locaties\/maritiem-centrum-abraham-fock\/\"><strong data-start=\"1802\" data-end=\"1835\">Maritiem Centrum Abraham Fock<\/strong><\/a> ist der Ausgangspunkt der Vorf\u00fchrungen.<\/p>\n<p data-start=\"1879\" data-end=\"1927\"><strong data-start=\"1879\" data-end=\"1925\">Vorf\u00fchrtermine Pferderettungsboot Ameland:<\/strong><\/p>\n<ul data-start=\"1929\" data-end=\"2360\">\n<li data-start=\"1929\" data-end=\"1965\">\n<p data-start=\"1931\" data-end=\"1965\">Samstag, 21. Februar \u2013 13:30 Uhr<\/p>\n<\/li>\n<li data-start=\"1966\" data-end=\"1999\">\n<p data-start=\"1968\" data-end=\"1999\">Samstag, 4. April \u2013 13:30 Uhr<\/p>\n<\/li>\n<li data-start=\"2000\" data-end=\"2034\">\n<p data-start=\"2002\" data-end=\"2034\">Samstag, 25. April \u2013 16:00 Uhr<\/p>\n<\/li>\n<li data-start=\"2035\" data-end=\"2067\">\n<p data-start=\"2037\" data-end=\"2067\">Samstag, 23. Mai \u2013 15:00 Uhr<\/p>\n<\/li>\n<li data-start=\"2068\" data-end=\"2101\">\n<p data-start=\"2070\" data-end=\"2101\">Freitag, 19. Juni \u2013 15:00 Uhr<\/p>\n<\/li>\n<li data-start=\"2102\" data-end=\"2137\">\n<p data-start=\"2104\" data-end=\"2137\">Donnerstag, 9. Juli \u2013 18:00 Uhr<\/p>\n<\/li>\n<li data-start=\"2138\" data-end=\"2171\">\n<p data-start=\"2140\" data-end=\"2171\">Samstag, 18. Juli \u2013 14:00 Uhr<\/p>\n<\/li>\n<li data-start=\"2172\" data-end=\"2207\">\n<p data-start=\"2174\" data-end=\"2207\">Mittwoch, 5. August \u2013 16:00 Uhr<\/p>\n<\/li>\n<li data-start=\"2208\" data-end=\"2246\">\n<p data-start=\"2210\" data-end=\"2246\">Donnerstag, 20. August \u2013 16:00 Uhr<\/p>\n<\/li>\n<li data-start=\"2247\" data-end=\"2284\">\n<p data-start=\"2249\" data-end=\"2284\">Samstag, 5. September \u2013 17:00 Uhr<\/p>\n<\/li>\n<li data-start=\"2285\" data-end=\"2321\">\n<p data-start=\"2287\" data-end=\"2321\">Samstag, 17. Oktober \u2013 15:00 Uhr<\/p>\n<\/li>\n<li data-start=\"2322\" data-end=\"2360\">\n<p data-start=\"2324\" data-end=\"2360\">Dienstag, 29. Dezember \u2013 14:00 Uhr<\/p>\n<\/li>\n<\/ul>\n<p data-start=\"2362\" data-end=\"2776\">Wer die Elf-St\u00e4dte-Route f\u00e4hrt und Ameland besucht, sollte seine Planung auf die Vorf\u00fchrung des Pferderettungsbootes abstimmen. <a href=\"https:\/\/www.frieslandhollandtravel.nl\/de\/\">Friesland Holland Travel<\/a> unterst\u00fctzt Sie gerne dabei, dieses besondere Ereignis nahtlos in Ihre Fahrradtour einzubauen. Das Pferderettungsboot ist nicht nur ein beeindruckendes Schauspiel, sondern auch eine wertvolle Hommage an die reiche Geschichte der Insel und ihre mutigen Retter.<\/p>\n<p data-start=\"2778\" data-end=\"2920\">M\u00f6chten Sie das Ereignis auf eigene Faust besuchen? Dann werfen Sie einen Blick auf das <strong data-start=\"2866\" data-end=\"2906\"><a href=\"https:\/\/www.zeevantijd.nl\/arrangement#AMELANDARRANGEMENT\">Ameland-Arrangement<\/a> von <a href=\"https:\/\/www.booking.com\/hotel\/nl\/zee-van-tijd-holwerd.nl.html?aid=304142&amp;label=gen173nr-10CAEoggI46AdIM1gEaKkBiAEBmAEzuAEXyAEM2AED6AEB-AEBiAIBqAIBuAKYqIjLBsACAdICJDdmMGQ5NTI4LTlmN2EtNDcyNS05YjE4LTc2ODdiYWQ5YjlhZdgCAeACAQ&amp;sid=bb607426e9663406f1c44c2517c5262d&amp;all_sr_blocks=624956301_309376688_2_2_0&amp;checkin=2026-05-19&amp;checkout=2026-05-20&amp;dest_id=6249563&amp;dest_type=hotel&amp;dist=0&amp;group_adults=2&amp;group_children=0&amp;hapos=1&amp;highlighted_blocks=624956301_309376688_2_2_0&amp;hpos=1&amp;matching_block_id=624956301_309376688_2_2_0&amp;no_rooms=1&amp;req_adults=2&amp;req_children=0&amp;room1=A%2CA&amp;sb_price_type=total&amp;sr_order=popularity&amp;sr_pri_blocks=624956301_309376688_2_2_0__11210&amp;srepoch=1768035367&amp;srpvid=9bb589d8b6d0260a5fbc94e535fc7db9&amp;type=total&amp;ucfs=1&amp;\">Zee van Tijd<\/a><\/strong> in Holwerd.<\/p>\n<p data-start=\"2922\" data-end=\"3125\">Die Teilnahme an der Vorf\u00fchrung ist kostenlos. W\u00e4hrend der Veranstaltung wird eine Sammlung zugunsten der <strong data-start=\"3028\" data-end=\"3060\">Stichting Paardenreddingboot<\/strong> durchgef\u00fchrt. Sie k\u00f6nnen bar oder digital per QR-Code spenden.<\/p>\n<p data-start=\"3127\" data-end=\"3208\"><strong data-start=\"3127\" data-end=\"3142\">Startpunkt:<\/strong><br data-start=\"3142\" data-end=\"3145\" \/>Maritiem Centrum Abraham Fock<br data-start=\"3174\" data-end=\"3177\" \/>Oranjeweg 18<br data-start=\"3189\" data-end=\"3192\" \/>9161 CC Hollum<\/p>\n<p data-start=\"0\" data-end=\"28\"><strong data-start=\"0\" data-end=\"28\">Friesland Holland Travel<\/strong><\/p>\n<p data-start=\"30\" data-end=\"216\">Diese Reise ist Teil der kompletten Radurlaube von Friesland Holland Travel, dem Spezialisten f\u00fcr Elfstedentouren mit dem Fahrrad. M\u00f6chten Sie mehr erfahren oder selbst eine Tour planen?<\/p>\n<p data-start=\"218\" data-end=\"287\" data-is-last-node=\"\" data-is-only-node=\"\">\ud83c\udf10 <a class=\"decorated-link cursor-pointer\" target=\"_new\" rel=\"noopener\" data-start=\"221\" data-end=\"250\">www.frieslandhollandtravel.nl<\/a><br data-start=\"250\" data-end=\"253\" \/>\u2709\ufe0f <a class=\"decorated-link cursor-pointer\" rel=\"noopener\" data-start=\"256\" data-end=\"287\" data-is-last-node=\"\">info@frieslandhollandtravel.com<\/a><\/p>\n<p data-start=\"3210\" data-end=\"3252\"><strong data-start=\"3210\" data-end=\"3229\">Foto im Header:<\/strong> <a href=\"https:\/\/www.enrenou.nl\/\">Marcel R. Fotografie<\/a><\/p>\n","protected":false},"excerpt":{"rendered":"<p>Wer die Elf-St\u00e4dte-Route mit dem Fahrrad f\u00e4hrt, entscheidet sich nicht nur f\u00fcr sportliche Kilometer, sondern auch f\u00fcr Kultur, Geschichte und die typische friesische Landschaft. Immer mehr Radfahrer von Friesland Holland Travel verl\u00e4ngern ihre Tour mit einem Abstecher auf die Watteninsel Ameland. Und wer dies tut, sollte ein besonderes Ereignis auf keinen Fall verpassen: die Vorf\u00fchrung&hellip; <a class=\"continue\" href=\"https:\/\/www.frieslandhollandtravel.nl\/de\/nachrichten\/ihre-fahrradtour-erweitern-pferderettungsboot-auf-ameland-erleben\/\">Lees meer<span> Ihre Fahrradtour erweitern: Pferderettungsboot auf Ameland erleben<\/span><\/a><\/p>\n","protected":false},"author":3,"featured_media":53095,"comment_status":"closed","ping_status":"closed","sticky":false,"template":"","format":"standard","meta":{"_acf_changed":false,"wds_primary_category":0,"footnotes":""},"categories":[174],"tags":[],"class_list":["post-53102","post","type-post","status-publish","format-standard","has-post-thumbnail","hentry","category-nachrichten"],"acf":[],"_links":{"self":[{"href":"https:\/\/www.frieslandhollandtravel.nl\/de\/wp-json\/wp\/v2\/posts\/53102","targetHints":{"allow":["GET"]}}],"collection":[{"href":"https:\/\/www.frieslandhollandtravel.nl\/de\/wp-json\/wp\/v2\/posts"}],"about":[{"href":"https:\/\/www.frieslandhollandtravel.nl\/de\/wp-json\/wp\/v2\/types\/post"}],"author":[{"embeddable":true,"href":"https:\/\/www.frieslandhollandtravel.nl\/de\/wp-json\/wp\/v2\/users\/3"}],"replies":[{"embeddable":true,"href":"https:\/\/www.frieslandhollandtravel.nl\/de\/wp-json\/wp\/v2\/comments?post=53102"}],"version-history":[{"count":0,"href":"https:\/\/www.frieslandhollandtravel.nl\/de\/wp-json\/wp\/v2\/posts\/53102\/revisions"}],"wp:featuredmedia":[{"embeddable":true,"href":"https:\/\/www.frieslandhollandtravel.nl\/de\/wp-json\/wp\/v2\/media\/53095"}],"wp:attachment":[{"href":"https:\/\/www.frieslandhollandtravel.nl\/de\/wp-json\/wp\/v2\/media?parent=53102"}],"wp:term":[{"taxonomy":"category","embeddable":true,"href":"https:\/\/www.frieslandhollandtravel.nl\/de\/wp-json\/wp\/v2\/categories?post=53102"},{"taxonomy":"post_tag","embeddable":true,"href":"https:\/\/www.frieslandhollandtravel.nl\/de\/wp-json\/wp\/v2\/tags?post=53102"}],"curies":[{"name":"wp","href":"https:\/\/api.w.org\/{rel}","templated":true}]}}