{"id":53173,"date":"2026-01-13T11:33:46","date_gmt":"2026-01-13T10:33:46","guid":{"rendered":"https:\/\/www.frieslandhollandtravel.nl\/?p=53173"},"modified":"2026-01-13T11:33:46","modified_gmt":"2026-01-13T10:33:46","slug":"warum-der-15-januar-als-der-tag-der-elfstedentocht-gilt","status":"publish","type":"post","link":"https:\/\/www.frieslandhollandtravel.nl\/de\/nachrichten\/warum-der-15-januar-als-der-tag-der-elfstedentocht-gilt\/","title":{"rendered":"Warum der 15. Januar als der Tag der Elfstedentocht gilt"},"content":{"rendered":"<p data-start=\"62\" data-end=\"442\">Am 15. Januar 2026 steht das Friesische Schifffahrtsmuseum ganz im Zeichen des Tages der <a href=\"https:\/\/www.elfstedenroute.nl\/\">Elfstedentocht<\/a>. An diesem besonderen Nachmittag tauchen Sporthistoriker, ehemalige Vorstandsmitglieder und Zeitzeugen in die reiche Geschichte des bekanntesten Schlittschuhlauf-Events der Niederlande ein. Doch warum wurde gerade der 15. Januar zum Tag der Elfstedentocht erkl\u00e4rt?<\/p>\n<h3 data-start=\"444\" data-end=\"489\">Der Ursprung des Tages der Elfstedentocht<\/h3>\n<p data-start=\"490\" data-end=\"848\">Die Wahl des 15. Januars ist kein Zufall. Am 15. Januar 1909 wurde die erste offizielle Elfstedentocht ausgetragen. Dieser Tag markiert den Beginn einer nationalen Tradition, die sich zu einem der gr\u00f6\u00dften Sport- und Kulturph\u00e4nomene der Niederlande entwickelte. Seitdem gilt der 15. Januar als symbolischer Ausgangspunkt der Geschichte der Elfstedentocht.<\/p>\n<p data-start=\"850\" data-end=\"1123\">Da die Tour aufgrund des Klimawandels immer seltener stattfinden kann, hat sich der 15. Januar zu einem festen Gedenk- und Begegnungstag entwickelt. An diesem Tag steht nicht das Eis im Mittelpunkt, sondern die Geschichte, die Menschen und die Bedeutung der Elfstedentocht.<\/p>\n<h3 data-start=\"1125\" data-end=\"1169\">K\u00f6nigliche Verbindung zur Elfstedentocht<\/h3>\n<p data-start=\"1170\" data-end=\"1585\">W\u00e4hrend des Tages der Elfstedentocht 2026 er\u00f6ffnet der Sporthistoriker <a href=\"https:\/\/www.jurrytvandevooren.nl\/\">Jurryt van de Vooren<\/a> den Nachmittag mit seinen Forschungen zur besonderen Verbindung zwischen dem niederl\u00e4ndischen <a href=\"https:\/\/www.koninklijkhuis.nl\/\">K\u00f6nigshaus<\/a> und der Elfstedentocht. Dabei wird unter anderem die legend\u00e4re Tour von 1986 thematisiert, bei der Kronprinz Willem-Alexander als erstes Mitglied des K\u00f6nigshauses die Elfstedentocht erfolgreich absolvierte.<\/p>\n<p data-start=\"1587\" data-end=\"1730\">Diese k\u00f6nigliche Teilnahme st\u00e4rkte den nationalen Status der Veranstaltung und machte 1986 zu einer der denkw\u00fcrdigsten Ausgaben der Geschichte.<\/p>\n<div class=\"wp-block-image\"><img loading=\"lazy\" decoding=\"async\" class=\"wpa-warning wpa-image-missing-alt alignnone size-medium wp-image-53166\" src=\"https:\/\/www.frieslandhollandtravel.nl\/wp-content\/uploads\/2026\/01\/finish-wa-van-buren-1986-foto-leeuwarder-courant_3615141747-300x212.jpg\" alt=\"\" width=\"300\" height=\"212\" data-warning=\"Missing alt text\" srcset=\"https:\/\/www.frieslandhollandtravel.nl\/wp-content\/uploads\/2026\/01\/finish-wa-van-buren-1986-foto-leeuwarder-courant_3615141747-300x212.jpg 300w, https:\/\/www.frieslandhollandtravel.nl\/wp-content\/uploads\/2026\/01\/finish-wa-van-buren-1986-foto-leeuwarder-courant_3615141747-450x317.jpg 450w, https:\/\/www.frieslandhollandtravel.nl\/wp-content\/uploads\/2026\/01\/finish-wa-van-buren-1986-foto-leeuwarder-courant_3615141747.jpg 519w\" sizes=\"auto, (max-width: 300px) 100vw, 300px\" \/><\/div>\n<h3 data-start=\"1732\" data-end=\"1771\">Weitergabe von Wissen \u00fcber Natureis<\/h3>\n<p data-start=\"1772\" data-end=\"2113\">Auch <a href=\"https:\/\/sportgeschiedenis.nl\/schaatsen\/dankzij-elfstedenvoorzitter-henk-kroes-spreekt-elke-nederlander-nu-een-woordje-fries\/\">Henk Kroes<\/a>, ehemaliger Vorsitzender und Eismeister des <a href=\"https:\/\/elfstedentocht.frl\/\">Vereins <em data-start=\"1844\" data-end=\"1868\">De Friesche Elf Steden<\/em><\/a>, ist anwesend. Gemeinsam mit seinem Sohn Sytse Kroes berichtet er dar\u00fcber, wie Wissen \u00fcber Natureis, Eisbildung und Sicherheit bewahrt und weitergegeben wird \u2013 gerade jetzt, da die Chancen auf eine neue Elfstedentocht immer geringer werden.<\/p>\n<h3 data-start=\"2115\" data-end=\"2151\">Gespr\u00e4che, Bilder und Zeitzeugen<\/h3>\n<p data-start=\"2152\" data-end=\"2473\">Moderator Sippy Tigchelaar spricht mit Jan Bakker, dem neuen Vorsitzenden des Vereins und selbst Teilnehmer der Elfstedentocht von 1997. Dar\u00fcber hinaus sehen die Besucher einzigartige Filmaufnahmen aus den Jahren 1956 und 1986, zwei Ausgaben, die tief im kollektiven Ged\u00e4chtnis der Niederlande verankert sind.<\/p>\n<p data-start=\"2475\" data-end=\"2746\">Besonders eindrucksvoll ist auch die Geschichte von Berend Keulen, der zwischen 1947 und 1997 bei allen sieben ausgetragenen Elfstedentochten am Start stand. Seine Erfahrungen vermitteln ein selten vollst\u00e4ndigtes Bild von f\u00fcnfzig Jahren Elfstedentocht-Geschichte.<\/p>\n<h3 data-start=\"2748\" data-end=\"2776\">Praktische Informationen<\/h3>\n<p data-start=\"2777\" data-end=\"3080\">Der Tag der Elfstedentocht findet am 15. Januar 2026 <a href=\"https:\/\/friesscheepvaartmuseum.nl\/\">im Friesischen Schifffahrtsmuseum<\/a> statt.<br data-start=\"2878\" data-end=\"2881\" \/>Der Eintritt kostet 11 \u20ac pro Person und beinhaltet Kaffee oder Tee mit <em data-start=\"2956\" data-end=\"2968\">Oranjekoek<\/em> sowie einen Umtrunk im Anschluss. Tickets sind \u00fcber die Website des Friesischen Schifffahrtsmuseums erh\u00e4ltlich.<\/p>\n<h3 data-start=\"3082\" data-end=\"3120\">Mehr als nur eine Schlittschuhtour<\/h3>\n<p data-start=\"3121\" data-end=\"3422\">Der Tag der Elfstedentocht zeigt, dass die Elfstedentocht weit mehr ist als ein Sportereignis. Sie ist ein lebendiges St\u00fcck kulturelles Erbe. Gerade deshalb bleibt der <strong data-start=\"3289\" data-end=\"3303\">15. Januar, <\/strong>der Tag, an dem alles begann, ein fester Termin, um die Magie der Elfstedentocht lebendig zu halten, auch ohne Eis.<\/p>\n<p data-start=\"3424\" data-end=\"3452\"><strong data-start=\"3424\" data-end=\"3452\">Friesland Holland Travel<\/strong><\/p>\n<p data-start=\"3454\" data-end=\"3680\">M\u00f6chten Sie selbst eine Elfstedentocht erleben? Diese Reise ist Teil der kompletten Radurlaube von <a href=\"https:\/\/www.frieslandhollandtravel.nl\/\"><strong data-start=\"3553\" data-end=\"3581\">Friesland Holland Travel<\/strong><\/a>, dem Spezialisten f\u00fcr Elfstedentouren mit dem Fahrrad. Mehr erfahren oder selbst eine Tour planen?<\/p>\n<p data-start=\"3682\" data-end=\"3751\" data-is-last-node=\"\" data-is-only-node=\"\">\ud83c\udf10 <a class=\"decorated-link cursor-pointer\" target=\"_new\" rel=\"noopener\" data-start=\"3685\" data-end=\"3714\">www.frieslandhollandtravel.nl<\/a><br data-start=\"3714\" data-end=\"3717\" \/>\u2709\ufe0f <a class=\"decorated-link cursor-pointer\" rel=\"noopener\" data-start=\"3720\" data-end=\"3751\" data-is-last-node=\"\">info@frieslandhollandtravel.com<\/a><\/p>\n","protected":false},"excerpt":{"rendered":"<p>Am 15. Januar 2026 steht das Friesische Schifffahrtsmuseum ganz im Zeichen des Tages der Elfstedentocht. An diesem besonderen Nachmittag tauchen Sporthistoriker, ehemalige Vorstandsmitglieder und Zeitzeugen in die reiche Geschichte des bekanntesten Schlittschuhlauf-Events der Niederlande ein. Doch warum wurde gerade der 15. Januar zum Tag der Elfstedentocht erkl\u00e4rt? Der Ursprung des Tages der Elfstedentocht Die Wahl&hellip; <a class=\"continue\" href=\"https:\/\/www.frieslandhollandtravel.nl\/de\/nachrichten\/warum-der-15-januar-als-der-tag-der-elfstedentocht-gilt\/\">Lees meer<span> Warum der 15. Januar als der Tag der Elfstedentocht gilt<\/span><\/a><\/p>\n","protected":false},"author":3,"featured_media":53169,"comment_status":"closed","ping_status":"closed","sticky":false,"template":"","format":"standard","meta":{"_acf_changed":false,"wds_primary_category":0,"footnotes":""},"categories":[174],"tags":[],"class_list":["post-53173","post","type-post","status-publish","format-standard","has-post-thumbnail","hentry","category-nachrichten"],"acf":[],"_links":{"self":[{"href":"https:\/\/www.frieslandhollandtravel.nl\/de\/wp-json\/wp\/v2\/posts\/53173","targetHints":{"allow":["GET"]}}],"collection":[{"href":"https:\/\/www.frieslandhollandtravel.nl\/de\/wp-json\/wp\/v2\/posts"}],"about":[{"href":"https:\/\/www.frieslandhollandtravel.nl\/de\/wp-json\/wp\/v2\/types\/post"}],"author":[{"embeddable":true,"href":"https:\/\/www.frieslandhollandtravel.nl\/de\/wp-json\/wp\/v2\/users\/3"}],"replies":[{"embeddable":true,"href":"https:\/\/www.frieslandhollandtravel.nl\/de\/wp-json\/wp\/v2\/comments?post=53173"}],"version-history":[{"count":0,"href":"https:\/\/www.frieslandhollandtravel.nl\/de\/wp-json\/wp\/v2\/posts\/53173\/revisions"}],"wp:featuredmedia":[{"embeddable":true,"href":"https:\/\/www.frieslandhollandtravel.nl\/de\/wp-json\/wp\/v2\/media\/53169"}],"wp:attachment":[{"href":"https:\/\/www.frieslandhollandtravel.nl\/de\/wp-json\/wp\/v2\/media?parent=53173"}],"wp:term":[{"taxonomy":"category","embeddable":true,"href":"https:\/\/www.frieslandhollandtravel.nl\/de\/wp-json\/wp\/v2\/categories?post=53173"},{"taxonomy":"post_tag","embeddable":true,"href":"https:\/\/www.frieslandhollandtravel.nl\/de\/wp-json\/wp\/v2\/tags?post=53173"}],"curies":[{"name":"wp","href":"https:\/\/api.w.org\/{rel}","templated":true}]}}